{"provider_url": "https://www.iguape.sp.leg.br", "title": "Escola do Legislativo", "html": "<div dir=\"auto\" style=\"text-align: center; \">\r\n<p>\ud83d\udce2 A Escola do Legislativo \u201cProf.\u00aa Magali Corr\u00eaa Oliveira da Silva\u201d e a C\u00e2mara Municipal de Iguape apresentam:</p>\r\n<p>\ud83c\udfa4 PALESTRA DE CAPACITA\u00c7\u00c3O \u201cAUTISMO NA PR\u00c1TICA\u201d</p>\r\n<p>\ud83d\udc68\u200d\ud83c\udfeb Com o palestrante RODRIGO BRUNEL \u2013 Profissional de Educa\u00e7\u00e3o F\u00edsica e Criador do Autismo na Pr\u00e1tica.</p>\r\n<p>\ud83d\udcc5 Data: 02/04/2025<br />\ud83d\udccd Local: Plen\u00e1rio da C\u00e2mara Municipal de Iguape</p>\r\n<p>\ud83d\udcd6 Ser\u00e3o abordados m\u00e9todos pr\u00e1ticos de conex\u00e3o para auxiliar os participantes a se conectarem com mais facilidade com seus filhos e alunos autistas.</p>\r\n<p>\ud83e\uddf8 Teremos espa\u00e7o kids para as crian\u00e7as, venha participar!!! \u2728</p>\r\n<p>\ud83c\udf93 Palestra com emiss\u00e3o de certificado!<br />\ud83d\udcdd Inscri\u00e7\u00f5es gratuitas:</p>\r\n<p><a class=\"external-link\" href=\"http://www.sympla.com.br/evento/palestra-de-capacitacao-autismo-na-pratica/2887783?share_id=copiarlink\" target=\"_self\" title=\"\">Inscri\u00e7\u00e3o Clique Aqui\u00a0</a></p>\r\n<p><img src=\"https://www.iguape.sp.leg.br/institucional/escola-do-legislativo/45031c45e83e43c6a5d2e00555fb2bcb.jpeg/@@images/ddc0b43c-c19c-42f3-adbc-aaddc13290b4.jpeg\" alt=\"\" class=\"image-inline\" title=\"\" /></p>\r\n<p>\ud83d\udce2 A Escola do Legislativo Prof.\u00aa Magali Corr\u00eaa Oliveira da Silva e a C\u00e2mara Municipal de Iguape apresentam:</p>\r\n<p>\ud83c\udfa4 PALESTRA \u201cUMA PERSPECTIVA FUNCIONAL SOBRE O AUTISMO\u201d</p>\r\n<p>\ud83d\udc68\u200d\ud83c\udfeb Com o palestrante Willian Chimura \u2013 Professor na Academia do Autismo, Programador, Pesquisador reconhecido pela sua trajet\u00f3ria como Autista e divulgador ativo do tema na internet.</p>\r\n<p>\ud83d\udcc5 Data: 01/04/2025<br />\ud83d\udd62 Hor\u00e1rio: 19H30M<br />\ud83d\udccd Local: Plen\u00e1rio da C\u00e2mara Municipal de Iguape</p>\r\n<p>\ud83e\uddf8 Teremos espa\u00e7o kids para as crian\u00e7as, venha participar!!!\u2728</p>\r\n<img src=\"https://www.iguape.sp.leg.br/institucional/escola-do-legislativo/c4dbc2e79e1546488e2f6d8c30ed1dcb.jpeg/@@images/3eeab417-db49-47cd-b114-d154b2123d94.jpeg\" alt=\"\" class=\"image-inline\" title=\"\" /></div>\r\n<div dir=\"auto\"></div>\r\n<div dir=\"auto\">No dia 24 de fevereiro de 2025, a C\u00e2mara Municipal de Iguape e a Escola do Legislativo receberam em sua sede, os participantes do \u201cPROJETO DE EDUCA\u00c7\u00c3O AMBIENTAL RENDAS DO PETR\u00d3LEO: Tecendo a Participa\u00e7\u00e3o Popular\u201d, incluindo membros da t\u00e9cnica <span class=\"html-span xdj266r x11i5rnm xat24cr x1mh8g0r xexx8yu x4uap5 x18d9i69 xkhd6sd x1hl2dhg x16tdsg8 x1vvkbs\"><a class=\"html-a xdj266r x11i5rnm xat24cr x1mh8g0r xexx8yu x4uap5 x18d9i69 xkhd6sd x1hl2dhg x16tdsg8 x1vvkbs\" tabindex=\"-1\"></a></span>do PEA e representantes dos Elos, e uma representante da \u00e1rea de socioeconomia, para uma visita guiada, no intuito de apresentar a Casa de Leis e mostrar o funcionamento da mesma em dias de Sess\u00e3o Ordin\u00e1ria. Em nossa conversa, no Plen\u00e1rio Vereador Munitor Cardoso, falamos sobre a Lei Org\u00e2nica do Municipio, e como funciona os tramit\u00eas realizados durante e ap\u00f3s as Sess\u00f5es. Queremos agradecer a confian\u00e7a em n\u00f3s depositada. A C\u00e2mara Municipal e a Escola do Legislativo est\u00e3o a disposi\u00e7\u00e3o do Cidad\u00e3o.</div>\r\n<div class=\"x11i5rnm xat24cr x1mh8g0r x1vvkbs xtlvy1s x126k92a\">\r\n<div dir=\"auto\"></div>\r\n<div dir=\"auto\"></div>\r\n<div dir=\"auto\">A realiza\u00e7\u00e3o do Projeto de Educa\u00e7\u00e3o</div>\r\n<div dir=\"auto\">Ambiental Rendas do Petr\u00f3leo (PEA Rendas) \u00e9 uma medida de mitiga\u00e7\u00e3o exigida pelo licenciamento ambiental federal, conduzida pelo IBAMA.</div>\r\n</div>\r\n<p style=\"text-align: center; \">\u00a0</p>\r\n<p style=\"text-align: center; \"><img src=\"https://www.iguape.sp.leg.br/institucional/escola-do-legislativo/1.jpg/@@images/649a57a9-6fb4-4af0-9d4a-efacef77b035.jpeg\" alt=\"\" class=\"image-inline\" title=\"\" />\u00a0<img src=\"https://www.iguape.sp.leg.br/institucional/escola-do-legislativo/2.jpg/@@images/ba82e160-8b4c-4d21-8907-e8386b808649.jpeg\" alt=\"\" class=\"image-inline\" title=\"\" />\u00a0<img src=\"https://www.iguape.sp.leg.br/institucional/escola-do-legislativo/3.jpg/@@images/9867c46c-92d4-4896-89b8-51bbd77950ca.jpeg\" alt=\"\" class=\"image-inline\" title=\"\" /><img src=\"https://www.iguape.sp.leg.br/institucional/escola-do-legislativo/4.jpg/@@images/6182ccdb-f889-4f2f-895a-12ac2ce475aa.jpeg\" alt=\"\" class=\"image-inline\" title=\"\" />\u00a0<img src=\"https://www.iguape.sp.leg.br/institucional/escola-do-legislativo/5.jpg/@@images/84172c71-7adc-4214-a2ee-ae827c766617.jpeg\" alt=\"\" class=\"image-inline\" title=\"\" />\u00a0<img src=\"https://www.iguape.sp.leg.br/institucional/escola-do-legislativo/6.jpg/@@images/b0a14983-74bb-4932-add7-d3dc7c9c3e78.jpeg\" alt=\"\" class=\"image-inline\" title=\"\" /><img src=\"https://www.iguape.sp.leg.br/institucional/escola-do-legislativo/7.jpg/@@images/a258d639-961f-427c-8420-05b4aec8faa6.jpeg\" alt=\"\" class=\"image-inline\" title=\"\" /></p>\r\n<p style=\"text-align: center; \">CONVITE</p>\r\n<p style=\"text-align: center; \"><img src=\"https://www.iguape.sp.leg.br/institucional/escola-do-legislativo/Convite.jpg/@@images/d588f4aa-95ef-4148-9fa7-0f68c17e3347.jpeg\" alt=\"\" class=\"image-inline\" title=\"\" />\u00a0</p>\r\n<p style=\"text-align: center; \">FOTOS\u00a0<span>PALESTRA</span><br /><span>\"NOVIDADES E OS CUIDADOS PARA AS ELEI\u00c7\u00d5ES MUNICIPAIS DE 2024\"</span></p>\r\n<p style=\"text-align: center; \"><a title=\"\" href=\"https://www.iguape.sp.leg.br/institucional/fotos/palestra-novidades-e-os-cuidados-para-as-eleicoes-municipais-de-2024\" class=\"external-link\" target=\"_self\"><img src=\"https://www.iguape.sp.leg.br/institucional/escola-do-legislativo/IMG_0728.jpg/@@images/61fae685-b298-4b2c-9fd8-6011e602bd94.jpeg\" alt=\"\" class=\"image-inline\" title=\"\" /></a></p>\r\n<p style=\"text-align: center; \">CONVITE</p>\r\n<p style=\"text-align: center; \"><img src=\"https://www.iguape.sp.leg.br/institucional/escola-do-legislativo/FraseEleiesCampanhaEleitoral2022CandidatoPostFeedparaInstagramAzulAmareloVerdeeBranco1.png/@@images/f6dd82e6-4f9a-45df-b1d0-6a7f16cd480e.png\" alt=\"\" class=\"image-inline\" title=\"\" /></p>\r\n<h2 style=\"text-align: center; \"><a class=\"external-link\" href=\"https://www.sympla.com.br/evento/novidades-e-os-cuidados-para-as-eleicoes-municipais-de-2024/2465878?_gl=1*19b3f4y*_ga*NzU1OTYwNTg3LjE3MTUxNzQwMTA.*_ga_KXH10SQTZF*MTcxNTYyMzc3Ni42LjEuMTcxNTYyNDI0MC4yMS4wLjE4NTk4NjM3Nw..&amp;share_id=copiarlink\" target=\"_self\" title=\"\">INSCRI\u00c7\u00d5ES CLIQUE AQUI\u00a0</a></h2>\r\n<p style=\"text-align: center; \"><b><br /></b></p>\r\n<p style=\"text-align: center; \"><b>Fotos Palestra OS TR\u00caS PODERES E O EXERC\u00cdCIO DA CIDADANIA</b></p>\r\n<p style=\"text-align: center; \"><b>A palestra \"Os Tr\u00eas Poderes e o Exerc\u00edcio da Cidadania\", realizada hoje na C\u00e2mara Municipal de Iguape, foi um verdadeiro sucesso! Os alunos do primeiro e segundo ano da Escola Jeremias J\u00fanior participaram ativamente, mergulhando no mundo da pol\u00edtica e da democracia. Durante o evento, eles tiveram a oportunidade de entender como os poderes Executivo, Legislativo e Judici\u00e1rio funcionam e como cada um impacta a vida de todos n\u00f3s. Foi um momento enriquecedor de aprendizado e reflex\u00e3o, que certamente deixar\u00e1 uma marca positiva no entendimento dos alunos sobre o papel da cidadania em nossa sociedade.</b></p>\r\n<p style=\"text-align: center; \"><a title=\"\" href=\"https://www.iguape.sp.leg.br/institucional/fotos/palestra-os-tres-poderes-e-o-exercicio-da-cidadania\" class=\"internal-link\" target=\"_self\"><img src=\"https://www.iguape.sp.leg.br/institucional/escola-do-legislativo/111.jpeg/@@images/d6931a70-ee34-4f23-ab70-821797401b62.jpeg\" alt=\"\" class=\"image-inline\" title=\"\" /></a></p>\r\n<p style=\"text-align: center; \"><strong>CONVITE</strong></p>\r\n<p style=\"text-align: center; \"><strong><img src=\"https://www.iguape.sp.leg.br/CONVITE.png/@@images/46b98cb1-fca0-4616-aad3-ed40f2dd9976.png\" alt=\"\" class=\"image-inline\" title=\"\" /></strong></p>\r\n<p style=\"text-align: center; \"><strong><br /></strong></p>\r\n<p style=\"text-align: center; \"><strong>FOTOS PALESTRA: AUTISMO NA VIS\u00c3O DE UM AUTISTA</strong></p>\r\n<p style=\"text-align: center; \"><a title=\"\" href=\"https://www.iguape.sp.leg.br/institucional/fotos/palestra-autismo-na-visao-de-um-autista\" class=\"internal-link\" target=\"_self\"><img src=\"https://www.iguape.sp.leg.br/institucional/escola-do-legislativo/113.jpeg/@@images/fdf8d5d8-2ceb-47cd-892f-8157bc454d06.jpeg\" alt=\"\" class=\"image-inline\" title=\"\" /></a></p>\r\n<p style=\"text-align: center; \">\u00a0</p>\r\n<p style=\"text-align: center; \"><strong>CONVITE</strong></p>\r\n<p style=\"text-align: center; \"><img src=\"https://www.iguape.sp.leg.br/institucional/escola-do-legislativo/Postdeinstagramconviteparapalestramodernopretoerosa1.png/@@images/e503e613-fd10-4657-9583-20a37892eb9f.png\" alt=\"\" class=\"image-inline\" title=\"\" />\u00a0</p>\r\n<p style=\"text-align: center; \"><b><br /></b></p>\r\n<p style=\"text-align: center; \"><b>FOTOS SESS\u00c3O SOLENE INAUGURA\u00c7\u00c3O ESCOLA LEGISLATIVO</b></p>\r\n<p style=\"text-align: center; \"><a title=\"\" href=\"https://www.iguape.sp.leg.br/institucional/fotos/sessao-solene-inauguracao-escola-do-legislativo\" class=\"internal-link\" target=\"_self\"><img src=\"https://www.iguape.sp.leg.br/institucional/escola-do-legislativo/fotos.png/@@images/2e9d5846-49d0-4743-bacc-40f6935c1701.png\" alt=\"\" class=\"image-inline\" title=\"\" /></a></p>\r\n<p style=\"text-align: center; \"><strong style=\"text-align: center; \">APOSTILA</strong></p>\r\n<p style=\"text-align: center; \"><a title=\"\" href=\"https://www.iguape.sp.leg.br/institucional/escola-do-legislativo/SouDiferenteEDai.pdf\" class=\"internal-link\" target=\"_self\"><img src=\"https://www.iguape.sp.leg.br/institucional/escola-do-legislativo/LivroSouDiferenteEDai.png/@@images/f327395e-4b81-4a74-b6f0-84b4931fb73f.png\" alt=\"\" class=\"image-inline\" title=\"\" /></a>\u00a0\u00a0<a title=\"\" href=\"https://www.iguape.sp.leg.br/institucional/escola-do-legislativo/LivroACmaraeVoc.pdf\" class=\"internal-link\" target=\"_self\"><img src=\"https://www.iguape.sp.leg.br/institucional/escola-do-legislativo/ACmaraeVoc.jpeg/@@images/33133038-de19-4388-ac69-57d2b870ac2e.jpeg\" alt=\"\" class=\"image-inline\" title=\"\" /></a></p>", "author_name": "", "version": "1.0", "author_url": "https://www.iguape.sp.leg.br/author/fernando", "provider_name": "C\u00e2mara Municipal de Iguape", "type": "rich"}