{"provider_url": "https://www.iguape.sp.leg.br", "title": "Hist\u00f3ria", "html": "<p>Oficialmente, Iguape foi fundada em\u00a0<a href=\"http://pt.wikipedia.org/wiki/3_de_dezembro\" title=\"3 de dezembro\">3\u00a0de dezembro</a>\u00a0de\u00a0<a href=\"http://pt.wikipedia.org/wiki/1538\" title=\"1538\">1538</a>. A data de funda\u00e7\u00e3o atual foi estabelecida em 1938, pelo ent\u00e3o prefeito, Manoel Hon\u00f3rio Fortes, o qual incumbiu uma comiss\u00e3o de historiadores paulistas, presidida pelo ilustre\u00a0<a href=\"http://pt.wikipedia.org/wiki/Afonso_d%27Escragnolle_Taunay\" title=\"Afonso d'Escragnolle Taunay\">Afonso d'Escragnolle\u00a0Taunay</a>, para estabelecerem a data prov\u00e1vel da funda\u00e7\u00e3o, sendo aceito o dia 3 de dezembro de 1538, baseados em documentos hist\u00f3ricos que usam como refer\u00eancia a data de separa\u00e7\u00e3o de Iguape e\u00a0<a href=\"http://pt.wikipedia.org/wiki/Cananeia\" title=\"Cananeia\">Cananeia</a>. A real data da funda\u00e7\u00e3o do munic\u00edpio \u00e9 desconhecida. Alguns historiadores chegam a acreditar que j\u00e1 havia europeus vivendo na regi\u00e3o mesmo antes do descobrimento do Brasil por\u00a0<a href=\"http://pt.wikipedia.org/wiki/Pedro_%C3%81lvares_Cabral\" title=\"Pedro \u00c1lvares Cabral\">Pedro \u00c1lvares Cabral</a>.</p>\r\n<p>Remonta a 1577 a data em que o povoado foi elevado \u00e0 categoria de freguesia, com o nome de \"Freguesia de Nossa senhora das Neves da Vila de Iguape\", quando foi aberto o primeiro livro do tombo da Igreja de\u00a0<a href=\"http://pt.wikipedia.org/wiki/Nossa_Senhora_das_Neves\" title=\"Nossa Senhora das Neves\">Nossa Senhora das Neves</a>, constru\u00edda no local conhecido por \"Vila Velha\", no sop\u00e9 do morro chamado de \"Outeiro do Bacharel\", defronte \u00e0 Barra do\u00a0<a href=\"http://pt.wikipedia.org/wiki/Icapara\" title=\"Icapara\">Icapara</a>. N\u00e3o se sabe, ao certo, a data de eleva\u00e7\u00e3o a vila, por\u00e9m, acredita-se que tenha sido entre 1600 e 1614. Neste \u00faltimo ano, foi iniciada a constru\u00e7\u00e3o da antiga\u00a0<a href=\"http://pt.wikipedia.org/wiki/Igreja_Matriz\" title=\"Igreja Matriz\">Igreja Matriz</a>, j\u00e1 no local atual, no centro urbano, ap\u00f3s a mudan\u00e7a da ent\u00e3o freguesia, ordenada pelo fidalgo portugu\u00eas\u00a0<a href=\"http://pt.wikipedia.org/wiki/Eleodoro_%C3%89bano_Pereira\" title=\"Eleodoro \u00c9bano Pereira\">Eleodoro\u00a0\u00c9bano Pereira</a>. A vila foi elevada a cidade pela Lei N\u00famero Dezessete de\u00a03\u00a0de abril de 1848 com o nome de \"Bom Jesus da Ribeira\", mas, no ano seguinte, pela Lei N\u00famero Tr\u00eas de 3 de maio, foi modificado o nome para \"Bom Jesus de Iguape\". Posteriormente, o costume popular simplificou-o para \"Iguape\".</p>\r\n<p>Em 1494, foi firmado um acordo entre\u00a0<a href=\"http://pt.wikipedia.org/wiki/Portugal\" title=\"Portugal\">Portugal</a>\u00a0e\u00a0<a href=\"http://pt.wikipedia.org/wiki/Espanha\" title=\"Espanha\">Espanha</a>\u00a0estabelecendo a exata dimens\u00e3o de suas posses nas terras\u00a0rec\u00e9m descobertas. A partir desse momento hist\u00f3rico, o\u00a0<a href=\"http://pt.wikipedia.org/wiki/Tratado_de_Tordesilhas\" title=\"Tratado de Tordesilhas\">Tratado de Tordesilhas</a>\u00a0fixaria os limites territoriais de portugueses e espanh\u00f3is, inclusive nas terras americanas. O tratado definia como linha de demarca\u00e7\u00e3o o\u00a0<a href=\"http://pt.wikipedia.org/wiki/Meridiano\" title=\"Meridiano\">meridiano</a>\u00a0370\u00a0<a href=\"http://pt.wikipedia.org/wiki/L%C3%A9guas\" title=\"L\u00e9guas\">l\u00e9guas</a>\u00a0a oeste da\u00a0<a href=\"http://pt.wikipedia.org/wiki/Ilha_de_Santo_Ant%C3%A3o\" title=\"Ilha de Santo Ant\u00e3o\">Ilha de Santo Ant\u00e3o</a>\u00a0no arquip\u00e9lago de\u00a0<a href=\"http://pt.wikipedia.org/wiki/Cabo_Verde\" title=\"Cabo Verde\">Cabo Verde</a>. O referido meridiano passava sobre\u00a0Iguape,<a href=\"http://pt.wikipedia.org/wiki/Hist%C3%B3ria_de_Iguape#cite_note-tordesilhas-1\">[1]</a>\u00a0ao sul, o limite era o\u00a0<a href=\"http://pt.wikipedia.org/wiki/Rio_da_Prata\" title=\"Rio da Prata\">Rio da Prata</a>; a leste, o Oceano Atl\u00e2ntico, e a oeste a\u00a0<a href=\"http://pt.wikipedia.org/wiki/Prov%C3%ADncia\" title=\"Prov\u00edncia\">Prov\u00edncia</a>\u00a0de\u00a0<a href=\"http://pt.wikipedia.org/wiki/Tucuman\" title=\"Tucuman\">Tucuman</a>, atualmente pertencente \u00e0\u00a0<a href=\"http://pt.wikipedia.org/wiki/Argentina\" title=\"Argentina\">Argentina</a>. Outro limite era a cidade de\u00a0<a href=\"http://pt.wikipedia.org/wiki/Santa_Cruz_de_la_Sierra\" title=\"Santa Cruz de la Sierra\">Santa Cruz de\u00a0la\u00a0Sierra</a>, elevada \u00e0 prov\u00edncia e desmembrada do\u00a0<a href=\"http://pt.wikipedia.org/wiki/Paraguai\" title=\"Paraguai\">Paraguai</a>\u00a0pelo\u00a0<a href=\"http://pt.wikipedia.org/wiki/Marqu%C3%AAs_de_Ca%C3%B1ete\" title=\"Marqu\u00eas de Ca\u00f1ete\">Marqu\u00eas de\u00a0Ca\u00f1ete</a>.</p>\r\n<p>O pouco que se sabe sobre as origens de Iguape \u00e9 que chegou \u00e0 regi\u00e3o, por volta do ano 1502, trazido pela expedi\u00e7\u00e3o de\u00a0<a href=\"http://pt.wikipedia.org/wiki/Am%C3%A9rico_Vesp%C3%BAcio\" title=\"Am\u00e9rico Vesp\u00facio\">Am\u00e9rico Vesp\u00facio</a>, uma figura obscura da hist\u00f3ria brasileira, o degredado portugu\u00eas\u00a0<a href=\"http://pt.wikipedia.org/wiki/Cosme_Fernandes\" title=\"Cosme Fernandes\">Cosme Fernandes</a>, conhecido como \"Bacharel de\u00a0<a href=\"http://pt.wikipedia.org/wiki/Cananeia\" title=\"Cananeia\">Cananeia</a>\". O Bacharel tornou-se uma figura poderosa na regi\u00e3o, vindo a possuir muitos escravos e n\u00e3o prestando obedi\u00eancia \u00e0 coroa portuguesa. Por esses tempos - possivelmente desde 1498 - tamb\u00e9m ali vivia o aventureiro espanhol Ruy Garcia\u00a0Moschera, a quem \u00e9 oficialmente atribu\u00edda\u00a0a\u00a0funda\u00e7\u00e3o do munic\u00edpio.\u00a0Moschera\u00a0vivera anteriormente no\u00a0<a href=\"http://pt.wikipedia.org/wiki/Rio_da_Prata\" title=\"Rio da Prata\">Rio da Prata</a>\u00a0e se instalara ali possivelmente por ser aquela uma regi\u00e3o de disputa entre Espanha e Portugal, visto que se encontrava pr\u00f3xima \u00e0 linha do Tratado de Tordesilhas, que havia sido ratificado havia poucos anos e cuja demarca\u00e7\u00e3o correta ainda n\u00e3o estava estabelecida.</p>\r\n<p>Registros hist\u00f3ricos d\u00e3o conta de que, em 1532, pouco depois de chegar ao Brasil,\u00a0<a href=\"http://pt.wikipedia.org/wiki/Martim_Afonso_de_Sousa\" title=\"Martim Afonso de Sousa\">Martim Afonso de Sousa</a>\u00a0ordenara a desocupa\u00e7\u00e3o por\u00a0Moschera\u00a0e pelo\u00a0bacharel do\u00a0territ\u00f3rio onde hoje est\u00e1 Iguape, que pertenceria \u00e0 coroa portuguesa. N\u00e3o sendo atendido, ordenara uma expedi\u00e7\u00e3o chefiada por\u00a0<a href=\"http://pt.wikipedia.org/wiki/Pero_de_G%C3%B3is\" title=\"Pero de G\u00f3is\">Pero de G\u00f3is</a>\u00a0que deveria executar a desocupa\u00e7\u00e3o \u00e0 for\u00e7a. A essa altura, informados sobre a expedi\u00e7\u00e3o,\u00a0Moschera\u00a0e o bacharel, apoiados por duzentos ind\u00edgenas flecheiros, capturaram um navio\u00a0<a href=\"http://pt.wikipedia.org/wiki/Cors%C3%A1rio\" title=\"Cors\u00e1rio\">cors\u00e1rio</a>\u00a0franc\u00eas que, pouco antes, aportara em Cananeia em busca de provis\u00f5es, apoderando-se de suas armas e de suas muni\u00e7\u00f5es.</p>\r\n<p>Em seguida, fizeram cavar uma\u00a0<a href=\"http://pt.wikipedia.org/wiki/Trincheira\" title=\"Trincheira\">trincheira</a>\u00a0em frente \u00e0 povoa\u00e7\u00e3o de Iguape, no sop\u00e9 do morro conhecido por \"Outeiro do Bacharel\", guarnecendo-a com quatro das pe\u00e7as de artilharia do navio franc\u00eas. Na sequ\u00eancia, dispuseram vinte espanh\u00f3is e 150 ind\u00edgenas emboscados no manguezal do Mar Pequeno, subindo a foz da Barra do\u00a0<a href=\"http://pt.wikipedia.org/wiki/Icapara\" title=\"Icapara\">Icapara</a>, aguardando a for\u00e7a portuguesa. Esta, composta por oitenta homens, ao desembarcar foi recebida sob o fogo da artilharia, sendo desbaratada. Na retirada, os sobreviventes foram surpreendidos pelas for\u00e7as espanholas, emboscadas na foz da barra do\u00a0Icapara, onde os remanescentes pereceram, sendo gravemente ferido o seu capit\u00e3o, Pero de G\u00f3is, por um tiro de\u00a0<a href=\"http://pt.wikipedia.org/wiki/Arcabuz\" title=\"Arcabuz\">arcabuz</a>.</p>\r\n<p>Em contrapartida, entre os anos de\u00a0<a href=\"http://pt.wikipedia.org/wiki/1534\" title=\"1534\">1534</a>\u00a0e\u00a0<a href=\"http://pt.wikipedia.org/wiki/1536\" title=\"1536\">1536</a>, ao lan\u00e7ar um contra-ataque que ficou conhecido como a\u00a0<a href=\"http://pt.wikipedia.org/wiki/Guerra_de_Iguape\" title=\"Guerra de Iguape\">Guerra de Iguape</a>, as for\u00e7as de\u00a0Moschera\u00a0e do Bacharel destru\u00edram a vila de S\u00e3o Vicente, matando a maior parte da popula\u00e7\u00e3o, libertando os prisioneiros e incendiando o cart\u00f3rio onde\u00a0estavam\u00a0os registros oficiais do munic\u00edpio, levando inclusive o Livro do Tombo, fonte oficial de informa\u00e7\u00e3o sobre a regi\u00e3o de Iguape e sobre seus fundadores. Ap\u00f3s os ataques, ambos teriam fugido para a\u00a0<a href=\"http://pt.wikipedia.org/wiki/Ilha_de_Santa_Catarina\" title=\"Ilha de Santa Catarina\">Ilha de Santa Catarina</a>, tendo\u00a0Moschera\u00a0retornado ao\u00a0<a href=\"http://pt.wikipedia.org/wiki/Rio_da_Prata\" title=\"Rio da Prata\">rio da Prata</a>\u00a0e o Bacharel Fernandes para Cananeia.</p>\r\n<p>A povoa\u00e7\u00e3o de Iguape continuou sob o dom\u00ednio do bacharel Fernandes e teve sua primeira igreja, em homenagem a\u00a0<a href=\"http://pt.wikipedia.org/wiki/Nossa_Senhora_das_Neves\" title=\"Nossa Senhora das Neves\">Nossa Senhora das Neves</a>, constru\u00edda em 1537. Ap\u00f3s alguns anos de exist\u00eancia onde hoje est\u00e1\u00a0a\u00a0vila de\u00a0Icapara, a falta de \u00e1gua pot\u00e1vel, a falta de espa\u00e7o para expans\u00e3o e eventuais ataques piratas levaram \u00e0 transfer\u00eancia da ent\u00e3o\u00a0<a href=\"http://pt.wikipedia.org/wiki/Freguesia\" title=\"Freguesia\">Freguesia</a>\u00a0de Nossa Senhora das Neves de Iguape do seu local original para outra \u00e1rea alguns quil\u00f4metros ao sul, entre os anos 1620 e 1625, por ordem do fidalgo portugu\u00eas\u00a0<a href=\"http://pt.wikipedia.org/wiki/Eleodoro_%C3%89bano_Pereira\" title=\"Eleodoro \u00c9bano Pereira\">Eleodoro\u00a0\u00c9bano Pereira</a>, onde, atualmente, situa-se o centro urbano do munic\u00edpio, em uma sesmaria cedida pelo\u00a0<a href=\"http://pt.wikipedia.org/wiki/Donat%C3%A1rio\" title=\"Donat\u00e1rio\">donat\u00e1rio</a>\u00a0Francisco Alvares Marinho, sendo o termo de doa\u00e7\u00e3o assinado em 2 de julho de 1679 por Francisco Pontes Vidal e Manoel da Costa, herdeiros de Cosme Fernandes</p>\r\n<p>Ainda no\u00a0<a href=\"http://pt.wikipedia.org/wiki/S%C3%A9culo_XVI\" title=\"S\u00e9culo XVI\">s\u00e9culo XVI</a>, foram descobertos os primeiros sinais de ouro na regi\u00e3o. Devido \u00e0 sua abund\u00e2ncia, a procura logo se intensificou e rapidamente a explora\u00e7\u00e3o do ouro de\u00a0<a href=\"http://pt.wikipedia.org/wiki/Aluvi%C3%A3o\" title=\"Aluvi\u00e3o\">aluvi\u00e3o</a>\u00a0se tornou a principal atividade econ\u00f4mica do munic\u00edpio. Conta-se que, nesse per\u00edodo, a riqueza era tamanha que as mulheres enfeitavam seus cabelos com ouro em p\u00f3. Para evitar o contrabando e intensificar a cobran\u00e7a de impostos pela coroa portuguesa, foi fundada, por volta de 1630, a Casa de Oficina Real de Fundi\u00e7\u00e3o de Ouro, que \u00e9 considerada, por alguns historiadores, como a primeira do g\u00eanero no Brasil. No casar\u00e3o onde funcionava a fundi\u00e7\u00e3o, hoje est\u00e1 o museu do munic\u00edpio. Outros casar\u00f5es que, hoje, fazem parte do centro hist\u00f3rico do munic\u00edpio, tamb\u00e9m s\u00e3o dessa \u00e9poca.</p>\r\n<p>Com o esgotamento das minas e com o descobrimento de ouro no interior do Brasil, especialmente em\u00a0<a href=\"http://pt.wikipedia.org/wiki/Minas_Gerais\" title=\"Minas Gerais\">Minas Gerais</a>, o munic\u00edpio rapidamente entrou em decl\u00ednio, voltando depois a crescer com o desenvolvimento da ind\u00fastria de navega\u00e7\u00e3o e com a planta\u00e7\u00e3o de arroz.</p>\r\n<p>Em 29 de abril de 1911, o munic\u00edpio de Iguape, representando o Brasil na Europa, conquistou o diploma de honra internacional de melhor produtor de arroz do mundo, disputado em\u00a0<a href=\"http://pt.wikipedia.org/wiki/Turim\" title=\"Turim\">Turim</a>,\u00a0<a href=\"http://pt.wikipedia.org/wiki/It%C3%A1lia\" title=\"It\u00e1lia\">It\u00e1lia</a>. Trata-se de uma placa de bronze, em alto relevo, conseguida na Primeira Exposi\u00e7\u00e3o Internacional de\u00a0Turim,<a href=\"http://pt.wikipedia.org/wiki/Hist%C3%B3ria_de_Iguape#cite_note-turim1911-9\">[9]</a>\u00a0realizada entre os meses de abril e outubro de 1911, em comemora\u00e7\u00e3o do cinquenten\u00e1rio do\u00a0<a href=\"http://pt.wikipedia.org/wiki/Reino_de_It%C3%A1lia_%281861%E2%80%931946%29\" title=\"Reino de It\u00e1lia (1861\u20131946)\">Reino de It\u00e1lia</a>, em um evento extraordin\u00e1rio que chamou a multid\u00e3o de milhares de visitantes, com presen\u00e7a do\u00a0<a href=\"http://pt.wikipedia.org/wiki/Rei\" title=\"Rei\">rei</a>\u00a0<a href=\"http://pt.wikipedia.org/wiki/V%C3%ADtor_Emanuel_III\" title=\"V\u00edtor Emanuel III\">V\u00edtor Emanuel III</a>, dos\u00a0<a href=\"http://pt.wikipedia.org/wiki/Monarca\" title=\"Monarca\">monarcas</a>, das mais altas autoridades do\u00a0<a href=\"http://pt.wikipedia.org/wiki/Reino\" title=\"Reino\">reino</a>\u00a0e os representantes de v\u00e1rios pa\u00edses, inclusive o Brasil que possu\u00eda dois pavilh\u00f5es de exposi\u00e7\u00f5es, localizado as margens do\u00a0<a href=\"http://pt.wikipedia.org/wiki/Rio_P%C3%B3\" title=\"Rio P\u00f3\">rio P\u00f3</a>. Nele, v\u00ea-se escrito em italiano:\u00a0<i>Diploma d'onore, Torino MCMXI,\u00a0Esposizione\u00a0Internazionale\u00a0delle\u00a0Industrie e\u00a0del\u00a0Lavoro</i>\u00a0(Diploma de honra, Turim, 1911, Exposi\u00e7\u00e3o Internacional da Ind\u00fastria e do Trabalho). O pr\u00eamio est\u00e1 assinado pelo escultor\u00a0<a href=\"http://pt.wikipedia.org/w/index.php?title=Edoardo_Rubino&amp;action=edit&amp;redlink=1\" title=\"Edoardo Rubino (p\u00e1gina n\u00e3o existe)\">Edoardo\u00a0Rubino</a>, e encontra-se exposto ao p\u00fablico no Museu Municipal.</p>", "author_name": "Interlegis", "version": "1.0", "author_url": "https://www.iguape.sp.leg.br/author/Interlegis", "provider_name": "C\u00e2mara Municipal de Iguape", "type": "rich"}