{"provider_url": "https://www.iguape.sp.leg.br", "title": "ATO DA PRESID\u00caNCIA N\u00ba 21", "html": "<p><b><a class=\"external-link\" href=\"https://www.iguape.sp.leg.br/transparencia/atos-administrativos/atos-do-presidente/2020/ato-da-presidencia-no-21/view\" target=\"_blank\" title=\"\">ATO DA PRESID\u00caNCIA N\u00ba 21</a>,</b></p>\r\n<p><b>DE 06 DE MAIO DE 2020.</b></p>\r\n<p><b>\u00a0</b></p>\r\n<p><b>DISP\u00d5E SOBRE A REVOGA\u00c7\u00c3O DOS INCISOS II E III DO ARTIGO 2\u00ba DO ATO N\u00ba 20, DE 03 DE ABRIL DE 2020, E D\u00c1 OUTRAS PROVID\u00caNCIAS.</b></p>\r\n<p>\u00a0</p>\r\n<p><b>\u00a0\u00a0\u00a0\u00a0\u00a0\u00a0\u00a0\u00a0\u00a0\u00a0\u00a0\u00a0\u00a0\u00a0\u00a0\u00a0\u00a0\u00a0\u00a0\u00a0\u00a0\u00a0\u00a0\u00a0\u00a0\u00a0\u00a0\u00a0\u00a0\u00a0\u00a0\u00a0\u00a0\u00a0\u00a0\u00a0\u00a0\u00a0\u00a0\u00a0\u00a0\u00a0\u00a0\u00a0\u00a0\u00a0\u00a0\u00a0\u00a0\u00a0\u00a0\u00a0\u00a0\u00a0\u00a0\u00a0\u00a0\u00a0 CLAYTON APARECIDO NEGRI</b>, Presidente da C\u00e2mara Municipal de Iguape \u2013 Est\u00e2ncia Balne\u00e1ria, no uso de suas atribui\u00e7\u00f5es legais, Considerando o Decreto Estadual n\u00ba 64.946, de 17 de abril de 2020, que estende a medida de quarentena de que trata o Decreto Estadual n\u00ba 64.881, de 22 de mar\u00e7o de 2020, e Considerando a necessidade de conter a dissemina\u00e7\u00e3o da COVID-19 e garantir o adequado funcionamento dos servi\u00e7os legislativos, resolve baixar o seguinte:</p>\r\n<p align=\"center\"><b><span>ATO</span></b></p>\r\n<p><b><span>\u00a0</span></b></p>\r\n<p><b>\u00a0\u00a0\u00a0\u00a0\u00a0\u00a0\u00a0\u00a0\u00a0\u00a0\u00a0\u00a0\u00a0\u00a0\u00a0\u00a0\u00a0\u00a0\u00a0\u00a0\u00a0\u00a0\u00a0\u00a0\u00a0\u00a0\u00a0\u00a0\u00a0\u00a0\u00a0\u00a0\u00a0\u00a0\u00a0\u00a0\u00a0\u00a0\u00a0\u00a0\u00a0\u00a0\u00a0\u00a0\u00a0\u00a0\u00a0\u00a0\u00a0\u00a0\u00a0\u00a0\u00a0\u00a0\u00a0\u00a0\u00a0\u00a0 <strong>Artigo 1\u00b0 -\u00a0</strong></b>Este Ato revoga os incisos II, III do Ato n\u00ba 20, de 03 de abril de 2020.</p>\r\n<p>\u00a0</p>\r\n<p>\u00a0\u00a0\u00a0\u00a0\u00a0\u00a0\u00a0\u00a0\u00a0\u00a0\u00a0\u00a0\u00a0\u00a0\u00a0\u00a0\u00a0\u00a0\u00a0\u00a0\u00a0\u00a0\u00a0\u00a0\u00a0\u00a0\u00a0\u00a0\u00a0\u00a0\u00a0\u00a0\u00a0\u00a0\u00a0\u00a0\u00a0\u00a0\u00a0\u00a0\u00a0\u00a0\u00a0\u00a0\u00a0\u00a0\u00a0\u00a0\u00a0\u00a0\u00a0\u00a0\u00a0\u00a0\u00a0\u00a0\u00a0\u00a0 <strong>Artigo 2\u00b0 -\u00a0As Sess\u00f5es da C\u00e2mara ser\u00e3o retomadas \u00e0s segundas-feiras, com in\u00edcio \u00e0s 20h00min (vinte horas), e ter\u00e3o a dura\u00e7\u00e3o m\u00e1xima de 2 h (duas) horas podendo ser prorrogadas por decis\u00e3o do Presidente.</strong><strong></strong></p>\r\n<p><strong>\u00a0</strong></p>\r\n<p><strong>\u00a0\u00a0\u00a0\u00a0\u00a0\u00a0\u00a0\u00a0\u00a0\u00a0\u00a0\u00a0\u00a0\u00a0\u00a0\u00a0\u00a0\u00a0\u00a0\u00a0\u00a0\u00a0\u00a0\u00a0\u00a0\u00a0\u00a0\u00a0\u00a0\u00a0\u00a0\u00a0\u00a0\u00a0 \u00a0\u00a0\u00a0\u00a0\u00a0\u00a0\u00a0\u00a0\u00a0\u00a0\u00a0\u00a0\u00a0\u00a0\u00a0\u00a0\u00a0\u00a0\u00a0\u00a0\u00a0\u00a0\u00a0 Artigo 3\u00ba - O expediente ter\u00e1 dura\u00e7\u00e3o m\u00e1xima de 01h (uma hora) a partir da hora fixada para o in\u00edcio da Sess\u00e3o.</strong><strong></strong></p>\r\n<p><strong>\u00a0</strong></p>\r\n<p><strong>\u00a0\u00a0\u00a0\u00a0\u00a0\u00a0\u00a0\u00a0\u00a0\u00a0\u00a0\u00a0\u00a0\u00a0\u00a0\u00a0\u00a0\u00a0\u00a0\u00a0\u00a0\u00a0\u00a0\u00a0\u00a0\u00a0\u00a0\u00a0\u00a0\u00a0\u00a0\u00a0\u00a0\u00a0\u00a0\u00a0\u00a0\u00a0\u00a0\u00a0\u00a0\u00a0\u00a0\u00a0\u00a0\u00a0\u00a0\u00a0\u00a0\u00a0\u00a0\u00a0\u00a0\u00a0\u00a0\u00a0\u00a0\u00a0 Artigo 4\u00ba - Terminada a leitura das mat\u00e9rias mencionadas no artigo 121 do Regimento Interno, o Presidente destinar\u00e1 o tempo restante do expediente para o uso da tribuna versando sobre tema livre, observada a ordem de inscri\u00e7\u00e3o.</strong><strong></strong></p>\r\n<p><strong>\u00a0</strong></p>\r\n<p><strong>\u00a0\u00a0\u00a0\u00a0\u00a0\u00a0\u00a0\u00a0\u00a0\u00a0\u00a0\u00a0\u00a0\u00a0\u00a0\u00a0\u00a0\u00a0\u00a0\u00a0\u00a0\u00a0\u00a0\u00a0\u00a0\u00a0\u00a0\u00a0\u00a0\u00a0\u00a0\u00a0\u00a0\u00a0\u00a0\u00a0\u00a0\u00a0\u00a0\u00a0\u00a0\u00a0\u00a0\u00a0\u00a0\u00a0\u00a0\u00a0\u00a0\u00a0\u00a0\u00a0\u00a0\u00a0\u00a0\u00a0\u00a0\u00a0 Artigo 5\u00ba - Findo o expediente, o Presidente imediatamente determinar\u00e1 ao Primeiro secret\u00e1rio a realiza\u00e7\u00e3o da chamada regimental para in\u00edcio da Ordem do Dia na forma estabelecida no artigo 125 e seguintes do regimento Interno.\u00a0 </strong><strong></strong></p>\r\n<p><strong>\u00a0\u00a0\u00a0\u00a0\u00a0\u00a0\u00a0\u00a0\u00a0\u00a0\u00a0\u00a0\u00a0\u00a0\u00a0\u00a0\u00a0\u00a0\u00a0\u00a0\u00a0\u00a0\u00a0\u00a0\u00a0\u00a0\u00a0\u00a0\u00a0\u00a0\u00a0\u00a0\u00a0\u00a0\u00a0\u00a0\u00a0\u00a0\u00a0\u00a0\u00a0\u00a0\u00a0\u00a0\u00a0\u00a0\u00a0\u00a0\u00a0\u00a0\u00a0\u00a0\u00a0\u00a0\u00a0\u00a0\u00a0\u00a0 Artigo 6\u00ba - P</strong>ara fins de preven\u00e7\u00e3o \u00e0 infec\u00e7\u00e3o e \u00e0 propaga\u00e7\u00e3o do COVID-19 no \u00e2mbito da C\u00e2mara Municipal de Iguape, durante as Sess\u00f5es, os Vereadores e funcion\u00e1rios dever\u00e3o fazer o uso de m\u00e1scara protetiva.</p>\r\n<p>\u00a0</p>\r\n<p>\u00a0\u00a0\u00a0\u00a0\u00a0\u00a0\u00a0\u00a0\u00a0\u00a0\u00a0\u00a0\u00a0\u00a0\u00a0\u00a0\u00a0\u00a0\u00a0\u00a0\u00a0\u00a0\u00a0\u00a0\u00a0\u00a0\u00a0\u00a0\u00a0\u00a0\u00a0\u00a0\u00a0\u00a0\u00a0\u00a0\u00a0\u00a0\u00a0\u00a0\u00a0\u00a0\u00a0\u00a0\u00a0\u00a0\u00a0\u00a0\u00a0\u00a0\u00a0\u00a0\u00a0\u00a0\u00a0\u00a0\u00a0\u00a0 <strong>Artigo 7\u00ba -\u00a0</strong>Este Ato entra em vigor na data de sua publica\u00e7\u00e3o, mantendo-se \u00e0s disposi\u00e7\u00f5es dos Atos da Presid\u00eancia n\u00ba 19 e 20, de 16 de mar\u00e7o e 03 de abril de 2020, respectivamente.</p>\r\n<p align=\"center\"><b>\u00a0</b></p>\r\n<p align=\"center\"><b>GABINETE DA PRESID\u00caNCIA DA C\u00c2MARA MUNICPAL DE IGUAPE-EST\u00c2NCIA BALNE\u00c1RIA, EM 06 DE MAIO DE 2020.</b></p>\r\n<p align=\"center\"><b>\u00a0</b></p>\r\n<p align=\"center\"><b>CLAYTON APARECIDO NEGRI</b></p>\r\n<p align=\"center\"><b>PRESIDENTE</b></p>", "author_name": "", "version": "1.0", "author_url": "https://www.iguape.sp.leg.br/author/adm", "provider_name": "C\u00e2mara Municipal de Iguape", "type": "rich"}