{"provider_url": "https://www.iguape.sp.leg.br", "title": "Palestra Rodrigo Brunel", "html": "<p>\ud83d\udce2 A Escola do Legislativo \u201cProf.\u00aa Magali Corr\u00eaa Oliveira da Silva\u201d e a C\u00e2mara Municipal de Iguape apresentam:</p>\r\n<p>\ud83c\udfa4 PALESTRA DE CAPACITA\u00c7\u00c3O \u201cAUTISMO NA PR\u00c1TICA\u201d</p>\r\n<p>\ud83d\udc68\u200d\ud83c\udfeb Com o palestrante RODRIGO BRUNEL \u2013 Profissional de Educa\u00e7\u00e3o F\u00edsica e Criador do Autismo na Pr\u00e1tica.</p>\r\n<p>\ud83d\udcc5 Data: 02/04/2025<br />\ud83d\udccd Local: Plen\u00e1rio da C\u00e2mara Municipal de Iguape</p>\r\n<p>\ud83d\udcd6 Ser\u00e3o abordados m\u00e9todos pr\u00e1ticos de conex\u00e3o para auxiliar os participantes a se conectarem com mais facilidade com seus filhos e alunos autistas.</p>\r\n<p>\ud83e\uddf8 Teremos espa\u00e7o kids para as crian\u00e7as, venha participar!!! \u2728</p>\r\n<p>\ud83c\udf93 Palestra com emiss\u00e3o de certificado!<br />\ud83d\udcdd Inscri\u00e7\u00f5es gratuitas:</p>\r\n<p><a class=\"external-link\" href=\"http://www.sympla.com.br/evento/palestra-de-capacitacao-autismo-na-pratica/2887783?share_id=copiarlink\" target=\"_blank\" title=\"\">Inscri\u00e7\u00e3o Clique Aqui\u00a0</a></p>", "author_name": "", "version": "1.0", "author_url": "https://www.iguape.sp.leg.br/author/fernando", "provider_name": "C\u00e2mara Municipal de Iguape", "type": "rich"}