{"provider_url": "https://www.iguape.sp.leg.br", "title": "ATO DA PRESID\u00caNCIA N\u00ba 24/2020", "html": "<p><span>A partir de 22/06/2020 as Sess\u00f5es Ordin\u00e1rias da\u00a0</span><span><a class=\"oajrlxb2 g5ia77u1 qu0x051f esr5mh6w e9989ue4 r7d6kgcz rq0escxv nhd2j8a9 nc684nl6 p7hjln8o kvgmc6g5 cxmmr5t8 oygrvhab hcukyx3x jb3vyjys rz4wbd8a qt6c0cv9 a8nywdso i1ao9s8h esuyzwwr f1sip0of lzcic4wl oo9gr5id gpro0wi8 lrazzd5p\" href=\"https://www.facebook.com/hashtag/cmi?__eep__=6&amp;__tn__=*NK*F\" tabindex=\"0\">#CMI</a></span><span>\u00a0est\u00e3o suspensas novamente.</span><br /><br /><span>Com o retorno do Vale do Ribeira para a Zona Vermelha, de acordo com o Plano S\u00e3o Paulo definido pelo Governo do Estado, o Presidente da C\u00e2mara de Iguape, vereador Clayton Negri, publicou o Ato n\u00ba 24/2020.</span><br /><br /><span>O ato disp\u00f5e sobre a suspens\u00e3o das Sess\u00f5es Ordin\u00e1rias, e ainda diz que as proposi\u00e7\u00f5es com regime de urg\u00eancia ser\u00e3o votadas em Sess\u00e3o Extraordin\u00e1ria, mediante pr\u00e9via convoca\u00e7\u00e3o dos vereadores, sendo permitida neste caso, a convoca\u00e7\u00e3o via telefone, WhatsApp e e-mail.</span></p>\r\n<p><span>\u00a0Leia o Ato na \u00edntegra <a class=\"external-link\" href=\"https://sapl.iguape.sp.leg.br/norma/18?fbclid=IwAR11-qDfh4De_pmbwDG5xoHMYC_VVMmhlQSOO0cvkUr6JcPUGGpf6WcmmHI\" target=\"_blank\" title=\"\">clicando aqui</a></span></p>", "author_name": "", "version": "1.0", "author_url": "https://www.iguape.sp.leg.br/author/adm", "provider_name": "C\u00e2mara Municipal de Iguape", "type": "rich"}