{"provider_url": "https://www.iguape.sp.leg.br", "title": "Perguntas Gerais", "html": "<div><b><br /></b></div>\r\n<p>\u00a0\u00a0<strong>1 - Quantos vereadores comp\u00f5e uma C\u00e2mara Municipal em uma cidade?</strong></p>\r\n<p><strong></strong>O n\u00famero de vereadores deve ser proporcional \u00e0 quantidade de habitantes do munic\u00edpio. A Constitui\u00e7\u00e3o estabelece que em cidades de at\u00e9 1 milh\u00e3o de habitantes haja no m\u00ednimo nove e no m\u00e1ximo 21 vereadores. Em cidades com popula\u00e7\u00e3o entre 1 e 5 milh\u00f5es, deve haver no m\u00ednimo 33 e no m\u00e1ximo 40 vereadores. J\u00e1 nas cidades com mais de 5 milh\u00f5es de habitantes, o n\u00famero de vereadores m\u00ednimo \u00e9 de 42 e o m\u00e1ximo, de 55. A quantidade de vereadores de cada cidade \u00e9 estabelecida pela Lei Org\u00e2nica do munic\u00edpio. Nela, a C\u00e2mara Municipal estipula o n\u00famero de vereadores que ter\u00e1 a cidade, sempre, \u00e9 claro, respeitando os limites impostos pela Constitui\u00e7\u00e3o. Em Ilha Comprida atualmente temos 9 vereadores.</p>\r\n<p><strong>2 - Qual a import\u00e2ncia da C\u00e2mara nas decis\u00f5es sobre a administra\u00e7\u00e3o da cidade?</strong></p>\r\n<p><strong></strong>A C\u00e2mara Municipal corresponde ao Poder Legislativo, ou seja, cabe aos seus componentes a elabora\u00e7\u00e3o de leis que s\u00e3o da compet\u00eancia do munic\u00edpio (sistema tribut\u00e1rio, servi\u00e7os p\u00fablicos, isen\u00e7\u00f5es e anistias fiscais, por exemplo). Os vereadores s\u00e3o importantes, tamb\u00e9m, porque lhes cabe fiscalizar a atua\u00e7\u00e3o do prefeito e os gastos da prefeitura. S\u00e3o eles zelam pelo bom desempenho do Executivo e exigir a presta\u00e7\u00e3o de contas dos gastos p\u00fablicos. Uma fun\u00e7\u00e3o importante dos vereadores, por\u00e9m desconhecida por boa parte da popula\u00e7\u00e3o, \u00e9 a de funcionar como uma ponte entre os cidad\u00e3os e o prefeito, por meio de um recurso chamado indica\u00e7\u00e3o. Ele \u00e9 uma requisi\u00e7\u00e3o de informa\u00e7\u00e3o ou provid\u00eancia que um vereador envia \u00e0 prefeitura ou outro \u00f3rg\u00e3o municipal em nome do eleitor. Como n\u00e3o funcionam como leis, as indica\u00e7\u00f5es n\u00e3o exigem que o vereador fa\u00e7a consultas em plen\u00e1rio para apresent\u00e1-las ao prefeito. Cabe ao prefeito ou secret\u00e1rio atender ou n\u00e3o \u00e0 solicita\u00e7\u00e3o, sem que para isso precise ser apresentado um projeto do vereador.</p>\r\n<p><strong><a name=\"p3\"></a></strong></p>\r\n<p><strong><br /></strong></p>\r\n<p><strong>3 - Quantos votos s\u00e3o necess\u00e1rios para se eleger vereador?</strong></p>\r\n<p><strong></strong>Essa quantidade varia de acordo com o chamado quociente eleitoral de cada munic\u00edpio. Esse n\u00famero \u00e9 obtido dividindo-se o n\u00famero de votos v\u00e1lidos (exclu\u00eddos os brancos e nulos), sejam eles nominais ou na legenda, pelo de lugares a serem preenchidos na C\u00e2mara Municipal. Por exemplo, em uma cidade h\u00e1 nove vagas para vereador, e concorrem a elas tr\u00eas partidos (A,B e C) e a coliga\u00e7\u00e3o D. A legenda A obteve 1.900 votos, a B, 1.350, a C, 550, e a coliga\u00e7\u00e3o D, 2.250. Os votos v\u00e1lidos na cidade somam 6.050. Dividindo-se os votos pelas vagas, obt\u00eam-se um quociente eleitoral de 672. Assim, apenas as legendas A e B e a coliga\u00e7\u00e3o D conseguiram votos suficientes para atingir o quociente eleitoral e ter\u00e3o direito a preencher as vagas dispon\u00edveis.\u00a0</p>\r\n<p><strong><a name=\"p4\"></a></strong></p>\r\n<p><strong><br /></strong></p>\r\n<p><strong>4 - Como \u00e9 feita a divis\u00e3o entre as vagas dispon\u00edveis e os partidos?</strong></p>\r\n<p><strong></strong>Pelo quociente partid\u00e1rio, n\u00famero obtido dividindo-se pelo quociente eleitoral o n\u00famero de votos v\u00e1lidos dados sob a mesma legenda ou coliga\u00e7\u00e3o de legendas. De acordo com o c\u00f3digo eleitoral, \"estar\u00e3o eleitos tantos candidatos registrados por um partido ou coliga\u00e7\u00e3o quantos o respectivo quociente partid\u00e1rio indicar, na ordem da vota\u00e7\u00e3o nominal que cada um tenha recebido\". Na cidade exemplificada acima, o partido A teria seus 1.900 votos divididos por 672, o que lhe renderia duas vagas na C\u00e2mara Municipal \u2013 embora a conta resulte em 2,8273809, a lei determina que seja descartada a fra\u00e7\u00e3o. Ocupariam tais vagas os dois candidatos que tenham obtido as duas maiores vota\u00e7\u00f5es nominais.</p>\r\n<p><a name=\"p5\"></a></p>\r\n<p><strong><br /></strong></p>\r\n<p><strong>5 - Como s\u00e3o definidos os suplentes?</strong></p>\r\n<p>S\u00e3o definidos ainda com base nas divis\u00f5es acima. Os lugares conquistados em cada partido ser\u00e3o daqueles candidatos que alcan\u00e7arem o maior n\u00famero de votos. J\u00e1 os demais, que n\u00e3o obtiveram um lugar na C\u00e2mara, ser\u00e3o proclamados suplentes. A classifica\u00e7\u00e3o na lista de suplentes \u2013 ou seja, a designa\u00e7\u00e3o de quem tem \"prioridade\" para assumir o posto de vereador caso haja necessidade \u2013 tem por base a quantidade de votos nominais que tenham recebido. Os suplentes s\u00e3o convocados na hip\u00f3tese do vereador titular n\u00e3o tomar posse do mandato dentro do prazo legal, ou ter declarada a perda de seu mandato, ou ainda caso o titular se licencie.\u00a0</p>\r\n<p><a name=\"p6\"></a></p>\r\n<p><strong><br /></strong></p>\r\n<p><strong>6 - O que \u00e9 exigido para se candidatar a vereador?</strong></p>\r\n<p>Ser alfabetizado; ter nacionalidade brasileira; gozar o pleno exerc\u00edcio dos direitos pol\u00edticos; estar listado eleitoralmente; ter domic\u00edlio eleitoral na circunscri\u00e7\u00e3o h\u00e1 pelo menos um ano; ser filiado h\u00e1 mais de um ano a um partido pol\u00edtico e ter no m\u00ednimo 18 anos (no dia da elei\u00e7\u00e3o).\u00a0</p>\r\n<p><a name=\"p7\"></a></p>\r\n<p>\u00a0</p>\r\n<p><strong>7 - A C\u00e2mara Municipal subordina-se pol\u00edtica e administrativamente ao Prefeito Municipal?</strong></p>\r\n<p>N\u00e3o. N\u00e3o existe qualquer subordina\u00e7\u00e3o um em rela\u00e7\u00e3o ao outro Poder. Sempre deve haver entrosamento, mas subordina\u00e7\u00e3o nunca. Ocorre no Munic\u00edpio o mesmo que ocorre na esfera estadual ou federal. Os Poderes s\u00e3o independentes e harm\u00f4nicos entre si. A divis\u00e3o dos Poderes \u00e9 a ess\u00eancia da democracia. Quem elabora a Lei, n\u00e3o a executa nem a interpreta. Quem executa a Lei n\u00e3o a interpreta nem poder\u00e1 interpret\u00e1-la. Quem interpreta a lei n\u00e3o a elaborou nem a executar\u00e1. O Poder Legislativo \u00e9 a fonte da Lei.\u00a0</p>\r\n<p><a name=\"p8\"></a></p>\r\n<p>\u00a0</p>\r\n<p><strong>8 - Que fazem o Plen\u00e1rio da C\u00e2mara, a Mesa da C\u00e2mara e o Presidente da C\u00e2mara?</strong></p>\r\n<p>Plen\u00e1rio vota as Leis pela maioria de seus membros. A lei Org\u00e2nica de cada Munic\u00edpio d\u00e1, em seu texto, a exig\u00eancia de votos. Na maioria absoluta mais da metade dos membros da C\u00e2mara. Na maioria qualificada geralmente dois ter\u00e7os ou tr\u00eas quintos dos membros da C\u00e2mara.<br />A mesa administra a C\u00e2mara, executando as delibera\u00e7\u00f5es do plen\u00e1rio.<br />Presidente conduz o trabalho do Plen\u00e1rio, representa a C\u00e2mara, estabelece rela\u00e7\u00f5es com outros \u00f3rg\u00e3os em nome da C\u00e2mara e promulga leis, decretos legislativos e resolu\u00e7\u00f5es da mesa.</p>\r\n<p><strong><a name=\"p9\"></a></strong></p>\r\n<p><strong><br /></strong></p>\r\n<p><strong>9 - Quais as fun\u00e7\u00f5es da C\u00e2mara?</strong></p>\r\n<p>Fun\u00e7\u00e3o Legislativa, Fun\u00e7\u00e3o Fiscalizadora, Fun\u00e7\u00e3o de Assessoramento e Fun\u00e7\u00e3o Administrativa.</p>\r\n<p><strong><a name=\"p10\"></a></strong></p>\r\n<p><strong><br /></strong></p>\r\n<p><strong>10 - Em que consiste a Fun\u00e7\u00e3o Legislativa?</strong></p>\r\n<p>O artigo 30 da Constitui\u00e7\u00e3o Federal responde:<br />I - legislar sobre assuntos de interesse local;<br />II - suplementar a legisla\u00e7\u00e3o federal e a estadual na que couber;<br />Interesse local, no campo da administra\u00e7\u00e3o, tributa\u00e7\u00e3o e finan\u00e7as.<br />Suplementar a legisla\u00e7\u00e3o federal e estadual nos temas de Educa\u00e7\u00e3o, Transportes,\u00a0Sa\u00fade e etc, quando predominar o interesse local.\u00a0</p>\r\n<p><a name=\"p11\"></a></p>\r\n<p>\u00a0</p>\r\n<p><strong>11 - Todas as Leis s\u00e3o de iniciativa da C\u00e2mara?</strong></p>\r\n<p>A maioria. Contudo h\u00e1 leis que s\u00e3o da iniciativa do Prefeito Municipal. A Lei Org\u00e2nica de cada Munic\u00edpio disciplina a iniciativa. Normalmente s\u00e3o de iniciativa do Prefeito Municipal as Leis que criem cargos, fun\u00e7\u00f5es ou empregos p\u00fablicos; Leis que criem Secret\u00e1rias e \u00d3rg\u00e3os da Administra\u00e7\u00e3o; Leis que fixem ou aumentem a remunera\u00e7\u00e3o dos funcion\u00e1rios municipais; o Plano Plurianual; a Lei Or\u00e7ament\u00e1ria.</p>\r\n<p><a name=\"p12\"></a></p>\r\n<p>\u00a0</p>\r\n<p><strong>12 - Em que consiste a Fun\u00e7\u00e3o Fiscalizadora?</strong></p>\r\n<p>Compete \u00e0 C\u00e2mara de Vereadores por ordem do artigo 29, XI, da Constitui\u00e7\u00e3o Federal, fiscalizar as atividades do Poder Executivo Municipal nas esferas das finan\u00e7as, do or\u00e7amento, do patrim\u00f4nio e da contabilidade.</p>\r\n<p><strong><a name=\"p13\"></a></strong></p>\r\n<p><strong><br /></strong></p>\r\n<p><strong>13 - A C\u00e2mara julga as contas municipais?</strong></p>\r\n<p>Julga as contas e suas eventuais infra\u00e7\u00f5es administrativas, podendo concluir com a cassa\u00e7\u00e3o do mandato.\u00a0</p>\r\n<p><a name=\"p14\"></a></p>\r\n<p><strong><br /></strong></p>\r\n<p><strong>14 - Em que consiste a Fun\u00e7\u00e3o de Assessoramento?</strong></p>\r\n<p>S\u00e3o sugest\u00f5es que o Legislativo faz ao Executivo. O Prefeito n\u00e3o \u00e9 obrigado a acat\u00e1-las, mas pode execut\u00e1-las quando percebe ser de grande import\u00e2ncia \u00e0 coletividade. As sugest\u00f5es s\u00e3o indica\u00e7\u00f5es aprovadas pelo plen\u00e1rio.</p>\r\n<p><strong><a name=\"p15\"></a></strong></p>\r\n<p><strong><br /></strong></p>\r\n<p><strong>15 - Em que consiste a Fun\u00e7\u00e3o Administrativa?</strong></p>\r\n<p>S\u00e3o atos normativos, (decreto legislativo, resolu\u00e7\u00e3o, portaria) que disciplinam sua atividade interna. S\u00e3o atos de mera administra\u00e7\u00e3o.</p>\r\n<p><strong><a name=\"p16\"></a></strong></p>\r\n<p><strong><br /></strong></p>\r\n<p><strong>16 - A C\u00e2mara de Vereadores tem personalidade jur\u00eddica?</strong></p>\r\n<p>N\u00e3o. O Prefeito Municipal representa o munic\u00edpio junto ao Estado ou \u00e0 Uni\u00e3o como tamb\u00e9m junto a pessoas jur\u00eddicas e f\u00edsicas.</p>\r\n<p><a name=\"p17\"></a></p>\r\n<p><strong><br /></strong></p>\r\n<p><strong>17 - Ent\u00e3o, a C\u00e2mara n\u00e3o pode ingressar em ju\u00edzo para a defesa de seus interesses?</strong></p>\r\n<p>Pode. Ela n\u00e3o tem personalidade jur\u00eddica mas tem personalidade judici\u00e1ria.</p>\r\n<p><a name=\"p18\"></a></p>\r\n<p><strong><br /></strong></p>\r\n<p><strong>18 - Que significa Vereador e Edil?</strong></p>\r\n<p>Vereador vem do verbo verear, ou seja, aquele que zela pela comodidade dos mun\u00edcipes. Edil era um antigo magistrado romano. Hoje, aquele que zela pelo bem do Munic\u00edpio, Vereador e Edil, s\u00e3o, portanto, sin\u00f4nimos, como o s\u00e3o tamb\u00e9m Verean\u00e7a e Edilidade.</p>\r\n<p><a name=\"p19\"></a></p>\r\n<p><strong><br /></strong></p>\r\n<p><strong>19 - Quando come\u00e7a o exerc\u00edcio do mandato de Vereador?</strong></p>\r\n<p>Come\u00e7a com a posse e compromisso, quando da instala\u00e7\u00e3o da legislatura, em sess\u00e3o solene.</p>\r\n<p><strong><a name=\"p20\"></a></strong></p>\r\n<p><strong><br /></strong></p>\r\n<p><strong>20 - O Vereador tem direito \u00e0 inviolabilidade por suas opini\u00f5es, palavras e votos?</strong></p>\r\n<p>Sim, desde que no exerc\u00edcio do mandato e na circunscri\u00e7\u00e3o do Munic\u00edpio. \u00c9 o que consagra o inciso VIII do artigo 29 da Constitui\u00e7\u00e3o Federal.</p>\r\n<p><a name=\"p21\"></a></p>\r\n<p><strong><br /></strong></p>\r\n<p><strong>21 - Que \u00e9 incompatibilidade?</strong></p>\r\n<p>\u00c9 o impedimento referente ao exerc\u00edcio do mandato. O Vereador tem as mesmas proibi\u00e7\u00f5es a que se sujeitam os membros do Congresso Nacional e das respectivas Assembleias Legislativas. \u00c9 a regra do inciso IV do artigo 29 da Constitui\u00e7\u00e3o Federal.</p>\r\n<p><strong><a name=\"p22\"></a></strong></p>\r\n<p><strong><br /></strong></p>\r\n<p><strong>22 - Que \u00e9 elegibilidade?</strong></p>\r\n<p>\u00c9 a faculdade de que goza o cidad\u00e3o de candidatar-se a cargos efetivos.</p>\r\n<p><strong><a name=\"p23\"></a></strong></p>\r\n<p><strong><br /></strong></p>\r\n<p><strong>23 - Que \u00e9 inelegibilidade?</strong></p>\r\n<p>\u00c9 o impedimento absoluto ou relativo de o cidad\u00e3o candidatar-se \u00e0s elei\u00e7\u00f5es. Elegibilidade e inelegibilidade dizem respeito ao candidato. Incompatibilidade diz respeito ao Vereador eleito, no exerc\u00edcio do mandato.</p>\r\n<p><a name=\"p24\"></a></p>\r\n<p>\u00a0</p>\r\n<p><strong>24 - Que \u00e9 qu\u00f3rum?</strong></p>\r\n<p>\u00c9 a exig\u00eancia de determinado n\u00famero de Vereadores para funcion\u00e1rio da C\u00e2mara e para delibera\u00e7\u00e3o. Em geral, as leis org\u00e2nicas dos Munic\u00edpios exigem um ter\u00e7o dos membros da casa para a abertura dos trabalhos e a maioria de seus membros, quando da delibera\u00e7\u00e3o.</p>\r\n<p><a name=\"p25\"></a></p>\r\n<p>\u00a0</p>\r\n<p><strong>25 - Que \u00e9 maioria?</strong></p>\r\n<p>Maioria \u00e9 o n\u00famero inteiro imediatamente superior \u00e0 metade. Se a C\u00e2mara possu\u00edsse par de Vereadores, a maioria seria constitu\u00edda da metade mais um. Exemplo: C\u00e2mara composta de 14 Vereadores - a maioria ser\u00e1 de 8 (14:2(+1).<br />Se, no entanto, a C\u00e2mara \u00e9 composta por n\u00famero \u00edmpar de Vereadores, a maioria ser\u00e1 o n\u00famero inteiro imediatamente superior \u00e0 metade. Exemplo: C\u00e2mara composta por 21 Vereadores - a maioria ser\u00e1 11, isto \u00e9, o n\u00famero inteiro imediatamente superior \u00e0 metade, que \u00e9 de 10.5.</p>\r\n<p><strong><a name=\"p26\"></a></strong></p>\r\n<p><strong><br /></strong></p>\r\n<p><strong>26 - Que \u00e9 maioria absoluta?</strong></p>\r\n<p>\u00c9 a denomina\u00e7\u00e3o que recebe a maioria, quando se refere \u00e0 totalidade do colegiado, \u00c9 um n\u00famero fixo. Por exemplo: numa C\u00e2mara Municipal composta por 17 Vereadores, a maioria absoluta \u00e9 9.</p>\r\n<p><strong><a name=\"p27\"></a></strong></p>\r\n<p><strong><br /></strong></p>\r\n<p><strong>27 - Que \u00e9 maioria relativa?</strong></p>\r\n<p>\u00c9 a denomina\u00e7\u00e3o que recebe a maioria, quando se prende ao n\u00famero dos presentes. N\u00e3o se trata de um n\u00famero fixo, pois varia de acordo com o n\u00famero de Vereadores presentes.</p>\r\n<p><strong><a name=\"p28\"></a></strong></p>\r\n<p><strong><br /></strong></p>\r\n<p><strong>28 - Que \u00e9 maioria simples?</strong></p>\r\n<p>Maioria simples \u00e9 a maioria dos Vereadores presentes, desde que presente o n\u00famero m\u00ednimo exigido para o in\u00edcio das delibera\u00e7\u00f5es.</p>\r\n<p><strong><a name=\"p29\"></a></strong></p>\r\n<p><strong><br /></strong></p>\r\n<p><strong>29 - Que \u00e9 maioria qualificada?</strong></p>\r\n<p>Maioria qualificada \u00e9 toda esp\u00e9cie de maioria diversa da maioria simples. \u00c9, pelo menos, um a mais da metade. Se a lei determinar, em casos especiais, a maioria de dois ter\u00e7os ou tr\u00eas quintos, diz-se maioria qualificada, porque \u00e9 pelo menos uma mais da metade. Se a lei determinar maioria de dois ter\u00e7os para a cassa\u00e7\u00e3o do Prefeito, em 21 Vereadores, s\u00e3o necess\u00e1rios 14 votos. Para emendar a Constitui\u00e7\u00e3o , a lei exige maioria qualificada de tr\u00eas quintos. Para cassa\u00e7\u00e3o do mandato do Prefeito, algumas leis org\u00e2nicas exigem maioria qualificada de dois ter\u00e7os. Maioria qualificada \u00e9, portanto, um a mais da metade, com \u00edndice previamente estabelecido.</p>\r\n<p><strong><a name=\"p30\"></a></strong></p>\r\n<p><strong><br /></strong></p>\r\n<p><strong>30 - Quais as atividades dos Vereadores?</strong></p>\r\n<p>Tudo que julgar necess\u00e1rio para cumprir as fun\u00e7\u00f5es legislativa, fiscalizadora, denunciadora e julgadora, tais como:<br />Participar de todos os trabalhos da C\u00e2mara;<br />Discutir e debater a ordem do dia;<br />Usar a palavra na tribuna da C\u00e2mara;<br />Participar das comiss\u00f5es da C\u00e2mara;<br />Defender os projetos de lei ou emendas de sua autoria;<br />Solicitar do Prefeito informa\u00e7\u00f5es por escrito;<br />Apresentar requerimento convocando o Prefeito;<br />Apresentar mo\u00e7\u00e3o de apoio, congratula\u00e7\u00e3o e protesto.</p>\r\n<p><strong><a name=\"p31\"></a></strong></p>\r\n<p><strong><br /></strong></p>\r\n<p><strong>31 - Que \u00e9 \"quest\u00e3o de ordem\"?</strong></p>\r\n<p>\u00c9 a palavra que se pede para que sejam esclarecidas d\u00favidas quanto \u00e0 aplica\u00e7\u00e3o pr\u00e1tica do regimento. O Vereador deve propor claramente as disposi\u00e7\u00f5es regimentos que gostaria de ver esclarecidas. O Presidente pode atender ou n\u00e3o. Da decis\u00e3o do Presidente cabe recurso ao Plen\u00e1rio.</p>\r\n<p><strong><a name=\"p32\"></a></strong></p>\r\n<p><strong><br /></strong></p>\r\n<p><strong>32 - Que \u00e9 \"quest\u00e3o pela ordem\"?</strong></p>\r\n<p>\u00c9 a palavra que se pede para qualquer reclama\u00e7\u00e3o ou protesto. Pode ser solicitada a qualquer momento. N\u00e3o se confunda com \"quest\u00e3o de ordem\". Quest\u00e3o pela ordem \u00e9 um protesto. Quest\u00e3o de ordem \u00e9 formulada com o objetivo de ver solucionada d\u00favida quanto \u00e0 aplica\u00e7\u00e3o do regimento.</p>\r\n<p><strong><a name=\"p33\"></a></strong></p>\r\n<p><strong><br /></strong></p>\r\n<p><strong>33 - Qual a diferen\u00e7a entre legislatura e sess\u00e3o legislativa?</strong></p>\r\n<p>Legislatura \u00e9 o per\u00edodo de dura\u00e7\u00e3o do mandato dos Vereadores sess\u00e3o legislativa \u00e9 o per\u00edodo anual de reuni\u00e3o da C\u00e2mara Municipal. Como o mandato de Vereadores \u00e9 de quanto anos, deduz-se que cada legislatura cont\u00e9m quatro sess\u00f5es legislativas.</p>\r\n<p><strong>34 - Que s\u00e3o Sess\u00f5es Ordin\u00e1rias?</strong></p>\r\n<p>S\u00e3o as que se realizam nos dias e horas predeterminada pelo regime interno da C\u00e2mara, independente de convoca\u00e7\u00e3o.</p>\r\n<p><strong><a name=\"p35\"></a></strong></p>\r\n<p><strong><br /></strong></p>\r\n<p><strong>35 - Que s\u00e3o Sess\u00f5es Extraordin\u00e1rias?</strong></p>\r\n<p>S\u00e3o as que se realizam nos dias e horas diversos dos previstos para as sess\u00f5es ordin\u00e1rias. Dependem de convoca\u00e7\u00e3o. Nelas s\u00f3 se pode apreciar a mat\u00e9ria em raz\u00e3o da qual foram convocadas.</p>\r\n<p><strong><a name=\"p36\"></a></strong></p>\r\n<p><strong><br /></strong></p>\r\n<p><strong>36 - Que s\u00e3o Sess\u00f5es Solenes?</strong></p>\r\n<p>S\u00e3o as de inaugura\u00e7\u00e3o da legislatura e outras de car\u00e1ter especial. As sess\u00f5es solenes s\u00e3o as \u00fanicas que podem, sem autoriza\u00e7\u00e3o do Poder Judici\u00e1rio, realizar-se em lugar estranho ao recinto da C\u00e2mara.</p>\r\n<p><strong><a name=\"p37\"></a></strong></p>\r\n<p><strong><br /></strong></p>\r\n<p><strong>37 - Que \u00e9 Mesa da C\u00e2mara?</strong></p>\r\n<p>Mesa \u00e9 o \u00f3rg\u00e3o colegiado, composto no m\u00ednimo por quatro Vereadores, eleitos pelos seus pares sendo: Presidente, Vice-Presidente, 1\u00ba Secret\u00e1rio e 2\u00ba Secret\u00e1rio, a quem incumbem a dire\u00e7\u00e3o dos trabalhos da Edilidade.</p>\r\n<p><strong><a name=\"p38\"></a></strong></p>\r\n<p><strong><br /></strong></p>\r\n<p><strong>38 - Quais as atribui\u00e7\u00f5es do Presidente?</strong></p>\r\n<p>Dirigir os trabalhos de Plen\u00e1rio;<br />Representar a C\u00e2mara em ju\u00edzo ou fora dele;<br />Cumprir e fazer o regimento interno;<br />Prender em flagrante qualquer pessoa que desacate a C\u00e2mara ou qualquer de seus membros;<br />Promulgar as resolu\u00e7\u00f5es e os decretos legislativos;<br />Autorizar despesas de expediente<br />Substituir, eventualmente, o Prefeito, no impedimento deste e do seu Vice-Prefeito (Presidente da C\u00e2mara no exerc\u00edcio do cargo de Prefeito).</p>\r\n<p><strong><a name=\"p39\"></a></strong></p>\r\n<p><strong><br /></strong></p>\r\n<p><strong>39 - Quais as atribui\u00e7\u00f5es do Vice - Presidente?</strong></p>\r\n<p>Substituir o Presidente em suas faltas e impedimentos eventuais;<br />Exercer miss\u00f5es para as quais for designado;</p>\r\n<p><strong><a name=\"p40\"></a></strong></p>\r\n<p><strong><br /></strong></p>\r\n<p><strong>40 - Quais as atribui\u00e7\u00f5es do 1\u00ba Secret\u00e1rio?</strong></p>\r\n<p class=\" \">Supervisionar a reda\u00e7\u00e3o das atas das sess\u00f5es;</p>\r\n<p class=\" \">Ler as mat\u00e9rias dos expedientes;</p>\r\n<p class=\" \">Computar a presen\u00e7a dos Vereadores e dos votos;</p>\r\n<p class=\" \">Controlar a inscri\u00e7\u00e3o dos oradores para Tribuna Livre;</p>\r\n<p class=\" \">Presidir a C\u00e2mara na aus\u00eancia simult\u00e2nea do Presidente e do Vice - Presidente.</p>\r\n<p class=\" \"><strong><a name=\"p41\"></a></strong></p>\r\n<p class=\" \"><strong><br /></strong></p>\r\n<p class=\" \"><strong>41 - Quais as atribui\u00e7\u00f5es do 2\u00ba Secret\u00e1rio?</strong></p>\r\n<p class=\" \">Redigir as atas das sess\u00f5es;</p>\r\n<p class=\" \">Ler a ata da Sess\u00e3o anterior;</p>\r\n<p class=\" \">Auxiliar o primeiro secret\u00e1rio no desempenho de suas atribui\u00e7\u00f5es quando da realiza\u00e7\u00e3o das sess\u00f5es;</p>\r\n<p class=\" \">Substituir o 1\u00ba Secret\u00e1rio em suas faltas e impedimentos eventuais.</p>\r\n<p class=\" \"><strong><a name=\"p42\"></a></strong></p>\r\n<p class=\" \"><strong><br /></strong></p>\r\n<p class=\" \"><strong>42 - Que s\u00e3o as Comiss\u00f5es Permanentes?</strong></p>\r\n<p>S\u00e3o grupos de Vereadores que apreciam, previamente, a mat\u00e9ria, antes de ser apreciada pelo Plen\u00e1rio. Com o aumento de Vereadores nos Munic\u00edpios, segundo o texto constitucional, ficou mais f\u00e1cil criar comiss\u00f5es permanentes. Na nossa C\u00e2mara s\u00e3o cinco as comiss\u00f5es permanentes, sendo:</p>\r\n<p>a) Comiss\u00e3o de Constitui\u00e7\u00e3o Justi\u00e7a e Reda\u00e7\u00e3o;</p>\r\n<p>b) Comiss\u00e3o de Finan\u00e7as e Or\u00e7amento;</p>\r\n<p>c) Comiss\u00e3o de Obras Servi\u00e7os P\u00fablicos;</p>\r\n<p>d) Comiss\u00e3o de Sa\u00fade, Educa\u00e7\u00e3o, Cultura, Lazer e Turismo;</p>\r\n<p>e) Comiss\u00e3o de Planejamento, Uso, Ocupa\u00e7\u00e3o e Parcelamento do Solo.</p>\r\n<p><strong><a name=\"p43\"></a></strong></p>\r\n<p><strong><br /></strong></p>\r\n<p><strong>43 - Que s\u00e3o as Comiss\u00f5es Especiais?</strong></p>\r\n<p>S\u00e3o as criadas para assuntos determinados, diversos dos assuntos com que se preocupam as comiss\u00f5es permanentes, como: calamidades, inqu\u00e9ritos, festividades.</p>\r\n<p><strong><a name=\"p44\"></a></strong></p>\r\n<p><strong><br /></strong></p>\r\n<p><strong>44 - Quem d\u00e1 a posse ao Vereador?</strong></p>\r\n<p>O Vereador mais votado ou mais idoso (ler a lei org\u00e2nica do Munic\u00edpio) em sess\u00e3o solene de instala\u00e7\u00e3o da legislatura.</p>\r\n<p><strong><a name=\"p45\"></a></strong></p>\r\n<p><strong><br /></strong></p>\r\n<p><strong>45 - E se o Vereador mais votado ou mais idoso recusar-se a dar posse a um dos vereadores, alegando impedimento ou incompatibilidade?</strong></p>\r\n<p>A decis\u00e3o sobre o impedimento ou incompatibilidade \u00e9 privativa do plen\u00e1rio. A posse nunca pode ser vedada. O Vereador diplomado toma posse e depois se debate se h\u00e1 compatibilidade ou impedimento que vedem a posse.</p>\r\n<p><strong><a name=\"p46\"></a></strong></p>\r\n<p><strong><br /></strong></p>\r\n<p><strong>46 - O artigo 295 do C\u00f3digo de Processo Penal fala de Pris\u00e3o Especial a alguns profissionais. Tamb\u00e9m aos Vereadores?</strong></p>\r\n<p>A Lei Federal 3.181, de 11.6.57 estendeu a Pris\u00e3o Especial aos Vereadores, reescrevendo o artigo 295 do C\u00f3digo de Processo Penal. A Pris\u00e3o Especial \u00e9 instituto criado em respeito ao cargo, n\u00e3o \u00e0 pessoa do Vereador. Perdendo o cargo pela extin\u00e7\u00e3o ou pela cassa\u00e7\u00e3o, o Vereador perde o privil\u00e9gio da Pris\u00e3o Especial.</p>\r\n<p><strong><a name=\"p47\"></a></strong></p>\r\n<p><strong><br /></strong></p>\r\n<p><strong>47 - Quem concede a licen\u00e7a para o Vereador afastar-se do exerc\u00edcio de verean\u00e7a?</strong></p>\r\n<p>S\u00f3 o Plen\u00e1rio. O Plen\u00e1rio pode conceder a licen\u00e7a e cassar a licen\u00e7a quando julgar indispens\u00e1vel o retorno do legislador. Licenciado o Vereador, assume o primeiro suplente. Se o Presidente n\u00e3o o fizer, cabe Mandado de Seguran\u00e7a contra sua Decis\u00e3o.</p>\r\n<p><strong><a name=\"p48\"></a></strong></p>\r\n<p><strong><br /></strong></p>\r\n<p><strong>48 - Quem declara a extin\u00e7\u00e3o de mandatos de Prefeito, Vice-Prefeito e Vereadores?</strong></p>\r\n<p>O Presidente da C\u00e2mara. Compete a ele e s\u00f3 a ele declarar extintos os mandatos nos casos de morte, ren\u00fancia, perda dos direito pol\u00edticos, condena\u00e7\u00e3o criminal \u00e0 pena acess\u00f3ria de perda de mandato ou condena\u00e7\u00e3o criminal \u00e0 pena de proibi\u00e7\u00e3o do exerc\u00edcio de fun\u00e7\u00e3o p\u00fablica.</p>\r\n<p><strong><a name=\"p49\"></a></strong></p>\r\n<p><strong><br /></strong></p>\r\n<p><strong>49 - Quem declara a cassa\u00e7\u00e3o dos mandatos?</strong></p>\r\n<p>O Plen\u00e1rio da C\u00e2mara. Compete a ele e s\u00f3 a ele declarar cassado o mandato de Prefeito, Vice-Prefeito e Vereadores, em processo regular, dando ao acusado o direito de defesa.</p>\r\n<p><strong><a name=\"p50\"></a></strong></p>\r\n<p><strong><br /></strong></p>\r\n<p><strong>50 -\u00a0</strong><strong>Em que recinto re\u00fane-se a C\u00e2mara?</strong></p>\r\n<p>No recinto de sess\u00f5es da C\u00e2mara chamado de Plen\u00e1rio. \u00c9 nula a reuni\u00e3o realizada em lugar diverso. S\u00f3 o Plen\u00e1rio pode mudar o lugar em que se realizam as sess\u00f5es.</p>\r\n<p><strong><a name=\"p51\"></a></strong></p>\r\n<p><strong><br /></strong></p>\r\n<p><strong>51 - Que \u00e9 elaborar uma lei?</strong></p>\r\n<p>\u00c9 criar um projeto com o objetivo de transform\u00e1-lo em ato normativo.</p>\r\n<p><strong><a name=\"p52\"></a></strong></p>\r\n<p><strong><br /></strong></p>\r\n<p><strong>52 - O que \u00e9 iniciativa?</strong></p>\r\n<p>\u00c9 a faculdade de dar in\u00edcio ao processo legislativo. Prefeito, Vereador, Comiss\u00e3o da C\u00e2mara e 5% do eleitorado municipal t\u00eam compet\u00eancia para inici\u00e1-lo.</p>\r\n<p><strong><a name=\"p53\"></a></strong></p>\r\n<p><strong><br /></strong></p>\r\n<p><strong>53 - Quais as fases do processo legislativo?</strong></p>\r\n<p>Apresenta\u00e7\u00e3o;<br />Discuss\u00e3o;<br />Vota\u00e7\u00e3o;<br />San\u00e7\u00e3o ou veto;<br />Promulga\u00e7\u00e3o;<br />Publica\u00e7\u00e3o.</p>\r\n<p><strong><a name=\"p54\"></a></strong></p>\r\n<p><strong><br /></strong></p>\r\n<p><strong>54 - Vereador pode apresentar projeto sobre qualquer tema?</strong></p>\r\n<p>N\u00e3o. Embora o campo de a\u00e7\u00e3o do Vereador seja imenso, deve tomar precau\u00e7\u00e3o com os temas estranhos \u00e0 sua compet\u00eancia. \u00c9 preciso consultar sempre a lei org\u00e2nica do Munic\u00edpio, Por exemplo: leis que aumentem vencimentos ou despesas s\u00e3o de compet\u00eancia exclusiva do Prefeito.</p>\r\n<p><strong><a name=\"p55\"></a></strong></p>\r\n<p><strong><br /></strong></p>\r\n<p><strong>55 - Que \u00e9 discuss\u00e3o?</strong></p>\r\n<p>\u00c9 a fase do processo legislativo em que, se realizam os debates sobre a mat\u00e9ria-objeto do projeto lei. Inicia-se nas Comiss\u00f5es e estende-se aos debates em Plen\u00e1rio.</p>\r\n<p><strong><a name=\"p56\"></a></strong></p>\r\n<p><strong><br /></strong></p>\r\n<p><strong>56 - Que \u00e9 vota\u00e7\u00e3o?</strong></p>\r\n<p>Ato ou efeito de votar. Ap\u00f3s a discuss\u00e3o, fase em que, se pressup\u00f5e, tenham sido esgotados os argumentos, o Vereador d\u00e1 seu voto na aprecia\u00e7\u00e3o do projeto. Cabe-lhe, nesta fase, apenas votar sim ou n\u00e3o. Nunca \"sim\" a apenas alguns artigos \"e n\u00e3o\" apenas a outros.</p>\r\n<p><strong><a name=\"p57\"></a></strong></p>\r\n<p><strong><br /></strong></p>\r\n<p><strong>57 - Que \u00e9 san\u00e7\u00e3o? E veto?</strong></p>\r\n<p>San\u00e7\u00e3o \u00e9 o ato do Poder Executivo que d\u00e1 a uma lei for\u00e7a execut\u00f3ria. Aprova\u00e7\u00e3o. Confirma\u00e7\u00e3o. Veto \u00e9 a faculdade que o Prefeito tem de recusar a sua san\u00e7\u00e3o \u00e0 lei aprovada pelo Legislativo. O veto pode ser total ou parcial. Caso o Legislativo derrube o veto do Prefeito, este ter\u00e1 um prazo para a san\u00e7\u00e3o. Se n\u00e3o o fizer, o Presidente da C\u00e2mara o far\u00e1.</p>\r\n<p><strong><a name=\"p58\"></a></strong></p>\r\n<p><strong><br /></strong></p>\r\n<p><strong>58 - Que \u00e9 promulga\u00e7\u00e3o?</strong></p>\r\n<p>\u00c9 a declara\u00e7\u00e3o da exist\u00eancia de uma nova lei, \u00e9 sua publica\u00e7\u00e3o oficial.</p>\r\n<p><strong><a name=\"p59\"></a></strong></p>\r\n<p><strong><br /></strong></p>\r\n<p><strong>59 - Que \u00e9 publica\u00e7\u00e3o?</strong></p>\r\n<p>\u00c9 dar conhecimento p\u00fablico da nova lei. Ningu\u00e9m pode alegar ignor\u00e2ncia da exist\u00eancia de uma lei. Ora, se essa asser\u00e7\u00e3o \u00e9 necess\u00e1ria, necess\u00e1rio \u00e9 que a lei se torne p\u00fablica.</p>\r\n<p><strong><a name=\"p60\"></a></strong></p>\r\n<p><strong><br /></strong></p>\r\n<p><strong>60 - Quais os tipos de lei?</strong></p>\r\n<p>Emenda \u00e0 Lei Org\u00e2nica;<br />Leis Complementares;<br />Leis Ordin\u00e1rias;<br />Leis Delegadas;<br />Decretos Legislativos;<br />Resolu\u00e7\u00f5es.</p>\r\n<p><strong><a name=\"p61\"></a></strong></p>\r\n<p><strong><br /></strong></p>\r\n<p><strong>61 - Que \u00e9 Emenda \u00e0 Lei Org\u00e2nica?</strong></p>\r\n<p>A lei org\u00e2nica do Munic\u00edpio n\u00e3o \u00e9 perfeita. Novas situa\u00e7\u00f5es podem determinar que seja alterada. A lei que altera a lei org\u00e2nica do Munic\u00edpio chama-se emenda. Tem um ritual todo especial, definido na lei org\u00e2nica. Normalmente, exige-se a maioria de dois ter\u00e7os, em dois turnos de vota\u00e7\u00e3o.</p>\r\n<p><strong><a name=\"p62\"></a></strong></p>\r\n<p><strong><br /></strong></p>\r\n<p><strong>62 - Que \u00e9 Lei Complementar?</strong></p>\r\n<p>\u00c9 aquela que regula dispositivo da lei org\u00e2nica. Vezes h\u00e1 em que a lei org\u00e2nica anuncia um princ\u00edpio e deixa para lei menor disciplin\u00e1-lo. A lei que disciplina um artigo da lei org\u00e2nica chama-se lei complementar. Exige qu\u00f3rum especial: maioria absoluta.</p>\r\n<p><strong><a name=\"p63\"></a></strong></p>\r\n<p><strong><br /></strong></p>\r\n<p><strong>63 - Que \u00e9 Lei Ordin\u00e1ria?</strong></p>\r\n<p>Regra obrigat\u00f3ria ou necess\u00e1ria. Norma jur\u00eddica prim\u00e1ria, gen\u00e9rica e abstrata elaborada pela C\u00e2mara dos Vereadores.</p>\r\n<p><strong><a name=\"p64\"></a></strong></p>\r\n<p><strong><br /></strong></p>\r\n<p><strong>64 - Que \u00e9 Lei Delegada?</strong></p>\r\n<p>\u00c9 a autoriza\u00e7\u00e3o que a C\u00e2mara d\u00e1 ao Executivo para que legisle por meio de decreto legislativo. O Legislativo transfere ao Executivo o poder de legislar.</p>\r\n<p><strong><a name=\"p65\"></a></strong></p>\r\n<p><strong><br /></strong></p>\r\n<p><strong>65 - Que \u00e9 Decreto Legislativo?</strong></p>\r\n<p>Norma de compet\u00eancia exclusiva da C\u00e2mara. Por isso n\u00e3o merece a san\u00e7\u00e3o do Prefeito. Ap\u00f3s vota\u00e7\u00e3o e aprecia\u00e7\u00e3o, \u00e9 promulgado pelo Presidente da C\u00e2mara.</p>\r\n<p><strong><a name=\"p66\"></a></strong></p>\r\n<p><strong><br /></strong></p>\r\n<p><strong>66 - Que \u00e9 Resolu\u00e7\u00e3o?</strong></p>\r\n<p>A resolu\u00e7\u00e3o elabora o regimento interno da C\u00e2mara, a organiza\u00e7\u00e3o de seus servi\u00e7os administrativos, a concess\u00e3o de licen\u00e7a ao Prefeito, ao Vice-Prefeito e aos Vereadores. V\u00ea-se, pelo tema, que resolu\u00e7\u00e3o \u00e9 da compet\u00eancia privativa da C\u00e2mara. Ap\u00f3s a aprova\u00e7\u00e3o, \u00e9 a promulga\u00e7\u00e3o pelo Presidente da C\u00e2mara.</p>\r\n<p><strong><a name=\"p67\"></a></strong></p>\r\n<p><strong><br /></strong></p>\r\n<p><strong>67 - Quais os primeiros cuidados antes de o Vereador elaborar um projeto de lei?</strong></p>\r\n<p>Verificar se o assunto \u00e9 de interesse local, cumprindo assim o inciso I, do artigo 30 da Constitui\u00e7\u00e3o Federal.<br />Verificar se compete a ele a iniciativa da lei, porque h\u00e1 leis cuja iniciativa compete \u00e0 Mesa.</p>\r\n<p><strong><a name=\"p68\"></a></strong></p>\r\n<p><strong><br /></strong></p>\r\n<p><strong>68 - Que \u00e9 a emenda ao projeto?</strong></p>\r\n<p>\u00c9 o ato de corrigir aquilo que se julga errado ou malfeito. A emenda repara,modifica, aperfei\u00e7oa.</p>\r\n<p><strong><a name=\"p69\"></a></strong></p>\r\n<p><strong><br /></strong></p>\r\n<p><strong>69 - Quais os tipos de emenda?</strong></p>\r\n<p>Supressiva (suprime parcial ou totalmente o artigo);<br />Substitutiva (substitui parcial ou totalmente um artigo);<br />Aditiva (acrescenta artigos ao projeto);<br />Modificativa (modifica a reda\u00e7\u00e3o do artigo, sem tocar em sua ess\u00eancia).</p>\r\n<p><strong><a name=\"p70\"></a></strong></p>\r\n<p><strong><br /></strong></p>\r\n<p><strong>70 - Substitutivo \u00e9 diverso de emenda substitutiva?</strong></p>\r\n<p>\u00c9. Substitutivo \u00e9 o projeto apresentado para substituir outra que trata do mesmo assunto. A emenda substitutiva substitui apenas um ou dois artigos; o substitutivo substitui o projeto inteiro.</p>\r\n<p><strong><a name=\"p71\"></a></strong></p>\r\n<p><strong><br /></strong></p>\r\n<p><strong>71 - O que \u00e9 parecer?</strong></p>\r\n<p>\u00c9 a opini\u00e3o, ju\u00edzo, que o Vereador faz na qualidade de relator. Nele, o edil argumenta, visando \u00e0 aprova\u00e7\u00e3o, \u00e0 rejei\u00e7\u00e3o ou ao arquivamento do projeto.</p>\r\n<p><strong><a name=\"p72\"></a></strong></p>\r\n<p><strong><br /></strong></p>\r\n<p><strong>72 - Que \u00e9 indica\u00e7\u00e3o?</strong></p>\r\n<p>\u00c9 a proposi\u00e7\u00e3o em que se pedem ou se sugerem medidas executivas ou legislativas a outro \u00f3rg\u00e3o da esfera estadual ou federal.</p>\r\n<p><strong><a name=\"p73\"></a></strong></p>\r\n<p><strong><br /></strong></p>\r\n<p><strong>73 - Que \u00e9 mo\u00e7\u00e3o?</strong></p>\r\n<p>\u00c9 a proposta apresentada na C\u00e2mara com a finalidade de apoiar, congratular, parabenizar ou dar p\u00easames \u00e0s pessoas que ocupam relevantes posi\u00e7\u00f5es no Munic\u00edpio, Estado ou Pa\u00eds.</p>\r\n<p><strong><a name=\"p74\"></a></strong></p>\r\n<p><strong><br /></strong></p>\r\n<p><strong>74 - Qual \u00e9 o esquema formal de uma lei?</strong></p>\r\n<p>A lei \u00e9 composta das seguintes partes:<br />Ep\u00edgrafe;<br />Emenda;<br />Autoria;<br />Fundamento;<br />Ordem de Execu\u00e7\u00e3o;<br />Texto ou corpo;<br />Cl\u00e1usula de revoga\u00e7\u00e3o;<br />Fecho;<br />Assinatura da autoridade;<br />Referenda.</p>\r\n<p><strong><a name=\"p75\"></a></strong></p>\r\n<p><strong><br /></strong></p>\r\n<p><strong>75 - Quem autoriza a venda, a permuta ou a doa\u00e7\u00e3o de bens im\u00f3veis do patrim\u00f4nio do munic\u00edpio?</strong></p>\r\n<p>O Plen\u00e1rio da C\u00e2mara Municipal. Consulte a Lei Org\u00e2nica de seu Munic\u00edpio. Certamente ela exige a tramita\u00e7\u00e3o especial e maioria qualificada.</p>\r\n<p><strong><a name=\"p76\"></a></strong></p>\r\n<p><strong><br /></strong></p>\r\n<p><strong>76 - Quem fixa a remunera\u00e7\u00e3o dos Vereadores?</strong></p>\r\n<p>O Plen\u00e1rio no final de cada legislatura para vigorar na legislatura seguinte. Integra a remunera\u00e7\u00e3o dos Vereadores da C\u00e2mara Municipal de Ilha Comprida somente o subs\u00eddio (esp\u00e9cie de sal\u00e1rio). Ressaltando que as sess\u00f5es extraordin\u00e1rias n\u00e3o s\u00e3o remuneradas. As regras de fixa\u00e7\u00e3o da remunera\u00e7\u00e3o e seus limites leem-se no artigo 29,V a VII da Constitui\u00e7\u00e3o Federal e suas altera\u00e7\u00f5es.</p>\r\n<p><strong><a name=\"p77\"></a></strong></p>\r\n<p><strong><br /></strong></p>\r\n<p><strong>77 - Os Vereadores s\u00e3o inviol\u00e1veis por suas opini\u00f5es, palavras e votos?</strong></p>\r\n<p>S\u00e3o, desde que no exerc\u00edcio do mandato e na circunscri\u00e7\u00e3o do Munic\u00edpio (inciso VIII do artigo 29 da Constitui\u00e7\u00e3o Federal).</p>\r\n<p><strong><a name=\"p78\"></a></strong></p>\r\n<p><strong><br /></strong></p>\r\n<p><strong>78 - Ent\u00e3o, t\u00eam os Vereadores tratamento igual aos Deputados Federais e Senadores?</strong></p>\r\n<p>N\u00e3o. Os Deputados e Senadores s\u00e3o inviol\u00e1veis por suas opini\u00f5es, palavras e votos no exerc\u00edcio do mandato ou fora dele; no local de trabalho ou longe dele. Os vereadores n\u00e3o cometem crime de cal\u00fania, inj\u00faria e difama\u00e7\u00e3o apenas quando no exerc\u00edcio do mandato e na circunscri\u00e7\u00e3o do Munic\u00edpio.</p>\r\n<p><strong><a name=\"p79\"></a></strong></p>\r\n<p><strong><br /></strong></p>\r\n<p><strong>79 - Que \u00e9 cal\u00fania?</strong></p>\r\n<p>\u00c9 falsa imputa\u00e7\u00e3o de fato criminoso a outrem (art. 138 do C\u00f3digo Penal).</p>\r\n<p><strong><a name=\"p80\"></a></strong></p>\r\n<p><strong><br /></strong></p>\r\n<p><strong>80 - Que \u00e9 difama\u00e7\u00e3o?</strong></p>\r\n<p>\u00c9 a imputa\u00e7\u00e3o a algu\u00e9m de fato ofensivo \u00e0 reputa\u00e7\u00e3o (artigo 139 do C\u00f3digo Penal). Distingue-se da cal\u00fania porque nesta o fato imputado \u00e9 previsto como crime.</p>\r\n<p><strong><a name=\"p81\"></a></strong></p>\r\n<p><strong><br /></strong></p>\r\n<p><strong>81 - Que \u00e9 inj\u00faria?</strong></p>\r\n<p>\u00c9 a ofensa \u00e0 dignidade ou decoro de outrem. Na sua ess\u00eancia, \u00e9 a inj\u00faria uma manifesta\u00e7\u00e3o de desrespeito e desprezo, um ju\u00edzo de valor depreciativo capaz de ofender a honra da v\u00edtima no seu subjetivo (artigo 140 do C\u00f3digo Penal).</p>\r\n<p><strong><a name=\"p82\"></a></strong></p>\r\n<p><strong><br /></strong></p>\r\n<p><strong>82 - Sempre tiveram os Vereadores a imunidade parlamentar?</strong></p>\r\n<p>N\u00e3o. Perderam-na a partir de 1964 e a readquiriram com o novo texto constitucional. Nos termos da Carta Magna, s\u00e3o eles inviol\u00e1veis por suas opini\u00f5es, palavras ou votos, mas (queremos insistir) apenas quando o crime for praticado no exerc\u00edcio do mandato e na circunscri\u00e7\u00e3o do Munic\u00edpio. N\u00e3o s\u00e3o detentores, entretanto, da imunidade processual nem gozam de foro privilegiado, ou seja, podem ser processados (furto, roubo, homic\u00eddio, etc.) sem autoriza\u00e7\u00e3o da C\u00e2mara e pelo juiz da Comarca.</p>\r\n<p><strong><a name=\"p83\"></a></strong></p>\r\n<p><strong><br /></strong></p>\r\n<p><strong>83 - De que modo o Vereador perde o mandato?</strong></p>\r\n<p>Por tr\u00eas modos:<br />- pela aplica\u00e7\u00e3o da pena criminal, que o inabilite para o exerc\u00edcio do mandato;<br />- pela cassa\u00e7\u00e3o;<br />- pela extin\u00e7\u00e3o.</p>\r\n<p><strong><a name=\"p84\"></a></strong></p>\r\n<p><strong><br /></strong></p>\r\n<p><strong>84 - Em que condi\u00e7\u00f5es a pena criminal inabilita o Vereador para o exerc\u00edcio do mandato?</strong></p>\r\n<p>Perde-se o cargo de Vereador nos crimes praticados com abuso de poder ou viola\u00e7\u00e3o de dever com a Administra\u00e7\u00e3o P\u00fablica, quando a pena aplicada for superior a quatro anos. Dois, pois, os requisitos: que a pena aplicada ao Vereador seja superior a quatro anos; que a pr\u00e1tica do crime seja com abuso de poder ou viola\u00e7\u00e3o de dever com a Administra\u00e7\u00e3o P\u00fablica.</p>\r\n<p><strong><a name=\"p85\"></a></strong></p>\r\n<p><strong><br /></strong></p>\r\n<p><strong>85 - A perda do cargo \u00e9 autom\u00e1tica?</strong></p>\r\n<p>N\u00e3o. Determina a lei que o juiz deve motivadamente declar\u00e1-la na senten\u00e7a. Nada impede, por\u00e9m, que n\u00e3o entendendo o juiz cab\u00edvel tal efeito da condena\u00e7\u00e3o, a C\u00e2mara providencie a cassa\u00e7\u00e3o, dentro das hip\u00f3teses que veremos.</p>\r\n<p><strong><a name=\"p86\"></a></strong></p>\r\n<p><strong><br /></strong></p>\r\n<p><strong>86 - Que \u00e9 cassa\u00e7\u00e3o?</strong></p>\r\n<p>\u00c9 a san\u00e7\u00e3o aplicada pela C\u00e2mara Municipal, mediante processo pol\u00edtico-administrativo, e consiste na perda do mandato pelo Vereador.</p>\r\n<p><strong><a name=\"p87\"></a></strong></p>\r\n<p><strong><br /></strong></p>\r\n<p><strong>87 - Quais os motivos que podem dar lugar \u00e0 cassa\u00e7\u00e3o do mandato dos Vereadores?</strong></p>\r\n<p>Est\u00e3o previstos no artigo 7\u00ba do Decreto-Lei n\u00ba 201, de 27 de fevereiro de 1967:<br />I- utilizar-se do mandato para a pr\u00e1tica de atos de corrup\u00e7\u00e3o ou de improbidade administrativa;<br />II- fixar resid\u00eancia fora do Munic\u00edpio;<br />III.- proceder de modo incompat\u00edvel com a dignidade da C\u00e2mara ou faltar com decoro na sua conduta p\u00fablica\".</p>\r\n<p><strong><a name=\"p88\"></a></strong></p>\r\n<p><strong><br /></strong></p>\r\n<p><strong>88 - Qual o meio que se exige para a cassa\u00e7\u00e3o?</strong></p>\r\n<p>Processo instaurado na C\u00e2mara com oportunidade de ampla defesa.</p>\r\n<p><strong><a name=\"p89\"></a></strong></p>\r\n<p><strong><br /></strong></p>\r\n<p><strong>89 - Admitir-se-\u00e1 den\u00fancia verbal?</strong></p>\r\n<p>N\u00e3o. A den\u00fancia \u00e9 sempre escrita.</p>\r\n<p><strong><a name=\"p90\"></a></strong></p>\r\n<p><strong><br /></strong></p>\r\n<p><strong>90 - Quem pode assinar a den\u00fancia?</strong></p>\r\n<p>Qualquer eleitor;<br />O Vereador;<br />O Presidente da C\u00e2mara.</p>\r\n<p><strong><a name=\"p91\"></a></strong></p>\r\n<p><strong><br /></strong></p>\r\n<p><strong>91 - A quem se dirige a den\u00fancia?</strong></p>\r\n<p>Ao Presidente da C\u00e2mara.</p>\r\n<p><strong><a name=\"p92\"></a></strong></p>\r\n<p><strong><br /></strong></p>\r\n<p><strong>92 - E se o denunciante for o Presidente da C\u00e2mara?</strong></p>\r\n<p>Passar\u00e1, o Presidente, a Presid\u00eancia ao seu substituto.</p>\r\n<p><strong><a name=\"p93\"></a></strong></p>\r\n<p><strong><br /></strong></p>\r\n<p><strong>93 - Pode o Vereador denunciante votar no julgamento do colega denunciado?</strong></p>\r\n<p>N\u00e3o. Fica, inclusive, impedido de integrar a comiss\u00e3o processante. S\u00f3 lhe resta o direito de praticar todos os atos de acusa\u00e7\u00e3o.</p>\r\n<p><a name=\"p94\"></a></p>\r\n<p><strong><br /></strong></p>\r\n<p><strong>94 - O Presidente da C\u00e2mara pode afastar de suas fun\u00e7\u00f5es o Vereador denunciado?</strong></p>\r\n<p>Pode, desde que a den\u00fancia seja recebida pela maioria absoluta dos membros da C\u00e2mara.</p>\r\n<p><strong><a name=\"p95\"></a></strong></p>\r\n<p><strong><br /></strong></p>\r\n<p><strong>95 - O suplente \u00e9 convocado para a vaga do Vereador afastado?</strong></p>\r\n<p>\u00c9 , embora n\u00e3o possa participar de qualquer ato no processo de cassa\u00e7\u00e3o.</p>\r\n<p><strong><a name=\"p96\"></a></strong></p>\r\n<p><strong><br /></strong></p>\r\n<p><strong>96 - De quantos membros se comp\u00f5e a comiss\u00e3o processante?</strong></p>\r\n<p>De tr\u00eas Vereadores que, de imediato, eleger\u00e3o o Presidente e o relator.</p>\r\n<p><strong><a name=\"p97\"></a></strong></p>\r\n<p><strong><br /></strong></p>\r\n<p><strong>97 - Qual a instru\u00e7\u00e3o do processo a que deve obedecer o Presidente da comiss\u00e3o?</strong></p>\r\n<p>O Presidente da Comiss\u00e3o deve iniciar os trabalhos em cinco dias, obedecendo \u00e0s seguintes instru\u00e7\u00f5es:<br />Notificar o denunciado, pessoalmente ou por edital, se preciso:<br />Dar o direito ao acusado de defesa pr\u00e9via, que dever\u00e1 ser apresentada em dez dias;<br />Emitir parecer em cinco dias, opinando pelo prosseguimento ou arquivamento da den\u00fancia. O processo s\u00f3 ser\u00e1 arquivado se a C\u00e2mara, por maioria dos presentes, aprovar o arquivamento;<br />Dar in\u00edcio \u00e0 instru\u00e7\u00e3o do processo com dilig\u00eancias, audi\u00eancias, depoimentos, caso a Comiss\u00e3o tenha opinado pelo prosseguimento do processo ou caso o Plen\u00e1rio n\u00e3o aprove o parecer de arquivamento;<br />Informar o acusado de todos os atos processuais, facultando-lhe assistir a eles, inclusive permitindo-lhe formular perguntas.</p>\r\n<p><strong><a name=\"p98\"></a></strong></p>\r\n<p><strong><br /></strong></p>\r\n<p><strong>98 - Que \u00e9 parecer final da comiss\u00e3o?</strong></p>\r\n<p>\u00c9 o texto conclusivo em que a comiss\u00e3o, depois da facultar ao acusado as raz\u00f5es finais, emite julgamento pela proced\u00eancia ou improced\u00eancia da acusa\u00e7\u00e3o.</p>\r\n<p><strong><a name=\"p99\"></a></strong></p>\r\n<p><strong><br /></strong></p>\r\n<p><strong>99 - Como ser\u00e1 a sess\u00e3o de julgamento?</strong></p>\r\n<p>Convocada a sess\u00e3o para julgamento, ela s\u00f3 pode realizar-se havendo qu\u00f3rum acima de dois ter\u00e7os dos membros da C\u00e2mara. Nela ocorrer\u00e1:<br />Leitura do processo;<br />Manifesta\u00e7\u00e3o oral dos Vereadores que assim o desejarem;<br />Defesa oral do acusado ou de seu defensor.</p>\r\n<p><strong><a name=\"p100\"></a></strong></p>\r\n<p><strong><br /></strong></p>\r\n<p><strong>100 - Como se procede ao julgamento?</strong></p>\r\n<p>Pela vota\u00e7\u00e3o nominal considerar-se-\u00e1 afastado do mandato, se a acusa\u00e7\u00e3o for julgada procedente pela maioria qualificada de dois ter\u00e7os dos membros da C\u00e2mara.</p>\r\n<p><strong><a name=\"p101\"></a></strong></p>\r\n<p><strong><br /></strong></p>\r\n<p><strong>101 - Como se proclamar\u00e1 o resultado?</strong></p>\r\n<p>Se culpado, O Presidente da C\u00e2mara expedir\u00e1 o competente ato de cassa\u00e7\u00e3o. Condenat\u00f3rio ou absolut\u00f3rio, o Presidente da C\u00e2mara comunicar\u00e1 o resultado \u00e0 Justi\u00e7a Eleitoral.</p>\r\n<p><strong><a name=\"p102\"></a></strong></p>\r\n<p><strong><br /></strong></p>\r\n<p><strong>102 - Como se extingue o mandato do Vereador?</strong></p>\r\n<p>Extingue-se o mandato do Vereador, e assim ser\u00e1 declarado pelo Presidente da C\u00e2mara, quando:<br />I - ocorrer o falecimento, ren\u00fancia por escrito, cassa\u00e7\u00e3o dos direitos pol\u00edticos ou condena\u00e7\u00e3o por crime funcional ou eleitoral;<br />II - deixar de tomar posse, sem motivo justo aceito pela C\u00e2mara, dentro do prazo estabelecido em lei;<br />III - incidir nos impedimentos para o exerc\u00edcio do mandato, estabelecido em lei e n\u00e3o se desincompatibilizar at\u00e9 a posse, e, nos casos supervenientes, no prazo fixado em lei ou pela C\u00e2mara.</p>\r\n<p><strong><a name=\"p103\"></a></strong></p>\r\n<p><strong><br /></strong></p>\r\n<p><strong>103 - Qual a diferen\u00e7a entre a cassa\u00e7\u00e3o e a extin\u00e7\u00e3o?</strong></p>\r\n<p>Cassa\u00e7\u00e3o \u00e9 a declara\u00e7\u00e3o da perda, de mandato pela C\u00e2mara; extin\u00e7\u00e3o \u00e9 o perecimento do mandato pela ocorr\u00eancia de fato, ou ato, que torne automaticamente inexistente a investidura. A cassa\u00e7\u00e3o \u00e9 julgamento; a extin\u00e7\u00e3o \u00e9 simplesmente um ato declarat\u00f3rio.</p>\r\n<p><strong><a name=\"p104\"></a></strong></p>\r\n<p><strong><br /></strong></p>\r\n<p><strong>104 - Quem cria a C.P.I. (Comiss\u00e3o Parlamentar de Inqu\u00e9rito Municipal)?</strong></p>\r\n<p>O Plen\u00e1rio da C\u00e2mara, mediante resolu\u00e7\u00e3o legislativa. A cria\u00e7\u00e3o pode ser, autom\u00e1tica, mediante requerimento de um ter\u00e7o dos votos dos Vereadores, dirigido ao Presidente da C\u00e2mara, indicando os fatos que devam ser apurados.</p>\r\n<p><strong><a name=\"p105\"></a></strong></p>\r\n<p><strong><br /></strong></p>\r\n<p><strong>105 - Quais os Vereadores que compor\u00e3o a C.P.I. e quem os nomeia?</strong></p>\r\n<p>O Presidente da C\u00e2mara, depois de ouvir das lideran\u00e7as partid\u00e1rias as indica\u00e7\u00f5es dos nomes. Deve-se respeitar a proporcionalidade da representa\u00e7\u00e3o partid\u00e1ria da C\u00e2mara Municipal. Por meio de resolu\u00e7\u00e3o administrativa, o Presidente nomeia, os membros da C.P.I. Os nomes da Comiss\u00e3o ser\u00e3o publicados no jornal ou no quadro de avisos da C\u00e2mara. Os membros da C.P.I, escolher\u00e3o o seu Presidente e o seu Relator.</p>\r\n<p><strong><a name=\"p106\"></a></strong></p>\r\n<p><strong><br /></strong></p>\r\n<p><strong>106 - Qual a primeira provid\u00eancia da C.P.I. ?</strong></p>\r\n<p>Dar ci\u00eancia ao interessado (Prefeito, Secret\u00e1rios Municipais, funcion\u00e1rios municipais), da instaura\u00e7\u00e3o da C.P.I, e dos fatos a serem apurados, bem como do roteiro a ser seguido.</p>\r\n<p><strong><a name=\"p107\"></a></strong></p>\r\n<p><strong><br /></strong></p>\r\n<p><strong>107 - O processo tem regras a serem seguidas?</strong></p>\r\n<p>Tem. Lei 1579 , de 18 de mar\u00e7o de 1952 e, subsidiariamente, o C\u00f3digo de Processo Civil.</p>\r\n<p><strong><a name=\"p108\"></a></strong></p>\r\n<p><strong><br /></strong></p>\r\n<p><strong>108 - As testemunhas s\u00e3o obrigadas a depor?</strong></p>\r\n<p>S\u00e3o. Segue o rito do Processo Penal. Ao indiciado faculta-lhe o direito de prestar declara\u00e7\u00f5es e defender-se.</p>\r\n<p><strong><a name=\"p109\"></a></strong></p>\r\n<p><strong><br /></strong></p>\r\n<p><strong>109 - A C.P.I., pode requerer documentos e informa\u00e7\u00f5es de outros \u00f3rg\u00e3os?</strong></p>\r\n<p>Pode. Das reparti\u00e7\u00f5es p\u00fablicas, autarquias, empresas p\u00fablicas, sociedade de economia mista municipal.</p>\r\n<p><strong><a name=\"p110\"></a></strong></p>\r\n<p><strong><br /></strong></p>\r\n<p><strong>110 - O sigilo pode ser quebrado?</strong></p>\r\n<p>Nos termos da Lei, a C.P.I. tem poderes para violar o sigilo banc\u00e1rio, telef\u00f4nico, fiscal e de dados.</p>\r\n<p><strong><a name=\"p111\"></a></strong></p>\r\n<p><strong><br /></strong></p>\r\n<p><strong>111 - A defesa do interessado, pode ser feito por advogado?</strong></p>\r\n<p>O advogado pode e deve interferir na defesa do interessado. Se n\u00e3o houver defensor constitu\u00eddo, o Presidente deve nomear um advogado, na defesa daquele que est\u00e1 sendo acusado.</p>\r\n<p><strong><a name=\"p112\"></a></strong></p>\r\n<p><strong><br /></strong></p>\r\n<p><strong>112 - Os atos da C.P.I. s\u00e3o p\u00fablicos?</strong></p>\r\n<p>Esta \u00e9 a regra. O artigo 5\u00ba, LX da Constitui\u00e7\u00e3o Federal oferece uma exce\u00e7\u00e3o: \"a lei s\u00f3 poder\u00e1 restringir a publicidade dos atos processuais, quando a defesa da intimidade ou o interesse social o exigirem\". Suponha a investiga\u00e7\u00e3o sobre atividades banc\u00e1rias ou corrup\u00e7\u00e3o de menores praticada por funcion\u00e1rio municipal.</p>\r\n<p><strong><a name=\"p113\"></a></strong></p>\r\n<p><strong><br /></strong></p>\r\n<p><strong>113 - A C.P.I., pode deslocar-se dentro do Munic\u00edpio?</strong></p>\r\n<p>Em busca de informa\u00e7\u00e3o, a C.P.I., pode deslocar-se dentro do Munic\u00edpio. Fora do Munic\u00edpio como tamb\u00e9m buscar informa\u00e7\u00f5es em outros Estados.</p>\r\n<p><strong><a name=\"p114\"></a></strong></p>\r\n<p><strong><br /></strong></p>\r\n<p><strong>114 - Quais os crimes que se praticam contra uma C.P.I., Municipal?</strong></p>\r\n<p>Lei 1579, de 18 de mar\u00e7o de 1952.<br />Artigo 4\u00ba - I - \"Impedir, ou tentar impedir, mediante viol\u00eancia, amea\u00e7a ou assuadas, o regular funcionamento de C.P.I., ou o livre ex\u00e9rcito das atribui\u00e7\u00f5es da qualquer de seus membros\".<br />Pena - deten\u00e7\u00e3o, de 2 (dois) meses a 2 (dois) anos.<br />\u00a7 se o ato, em raz\u00e3o da resist\u00eancia, n\u00e3o se executa:<br />Pena- reclus\u00e3o de 1 (um), a 3 (tr\u00eas) anos.<br />\u00a7 As penas deste artigo s\u00e3o aplic\u00e1veis sem preju\u00edzo da correspondente \u00e0 viol\u00eancia.<br />Artigo 4\u00ba - II - fazer afirma\u00e7\u00e3o falsa, ou negar ou calar a verdade como testemunha, perito, tradutor ou int\u00e9rprete, perante a Comiss\u00e3o Parlamentar de Inqu\u00e9rito.<br />Pena - reclus\u00e3o de 1 (um) a 3 (tr\u00eas) anos, e multa.<br />\u00a7 1\u00ba - Se o crime \u00e9 cometido com o fim de obter prova destinada a produzir efeito em processo penal.<br />Pena - reclus\u00e3o de 2 (dois), a 6 (seis) anos, e multa<br />\u00a7 2\u00ba - As penas aumentam-se de um ter\u00e7o se o crime \u00e9 praticado mediante suborno.<br />\u00a7 3\u00ba - O fato deixa de ser pun\u00edvel se, antes da senten\u00e7a, o agente se retrata ou declara a verdade.<br />O tipo penal da ambos os crimes \u00e9 indicado pelo artigo 4\u00ba , inciso I e II, da Lei 1579, de 18 de mar\u00e7o de 1952.<br />A pena de cada um deles \u00e9 indicada, segundo a pr\u00f3pria lei 1579, pelos artigos 329 e 342 do C\u00f3digo Penal.</p>\r\n<p><strong><a name=\"p115\"></a></strong></p>\r\n<p><strong><br /></strong></p>\r\n<p><strong>115- A C.P.I. pode emitir relat\u00f3rios parciais?</strong></p>\r\n<p>Pode. Envia-os ao Minist\u00e9rio P\u00fablico. Mat\u00e9ria criminal pode dar origem ao processo criminal; les\u00e3o ao patrim\u00f4nio p\u00fablico poder dar origem ao processo c\u00edvel.</p>\r\n<p><strong><a name=\"p116\"></a></strong></p>\r\n<p><strong><br /></strong></p>\r\n<p><strong>116 - Quem elabora e aprova os termos finais da Conclus\u00e3o?</strong></p>\r\n<p>Os membros da Comiss\u00e3o Parlamentar de Inqu\u00e9rito, pela maioria absoluta dos votos. Se houver opini\u00e3o discordante, o Vereador pode emitir seu Parecer em separado. O Plen\u00e1rio da C\u00e2mara n\u00e3o opina.</p>", "author_name": "", "version": "1.0", "author_url": "https://www.iguape.sp.leg.br/author/fernando", "provider_name": "C\u00e2mara Municipal de Iguape", "type": "rich"}